{"id":1796,"date":"2021-06-11T18:37:37","date_gmt":"2021-06-11T18:37:37","guid":{"rendered":"http:\/\/albergueweb1.uva.es\/gir_pangea\/?p=1796"},"modified":"2021-06-11T18:37:37","modified_gmt":"2021-06-11T18:37:37","slug":"libro-el-relieve-del-parque-nacional-picos-de-europa","status":"publish","type":"post","link":"http:\/\/albergueweb1.uva.es\/gir_pangea\/?p=1796","title":{"rendered":"Libro: \u00abEl Relieve del Parque Nacional Picos de Europa\u00bb"},"content":{"rendered":"\n<p>Gonz\u00e1lez, J.J., Serrano, E., Gonz\u00e1lez, M., G\u00f3mez Lende, M., Men\u00e9ndez, M. (2017). El relieve del Parque Nacional Picos de Europa. Red de Parques Nacionales, OAPN, Madrid, 398 pp. ISBN:9788480149310. Pr\u00f3logo: Eduardo Mart\u00ednez de Pis\u00f3n.<\/p>\n\n\n\n<figure class=\"wp-block-image\"><img src=\"\" alt=\"El relieve del parque nacional Picos de Europa\"\/><\/figure>\n\n\n\n<p>El relieve del Parque Nacional Picos de Europa se escribi\u00f3 con motivo del centenario del Parque Nacional de los Picos de Europa, nacido como Monta\u00f1a de Covadonga<a href=\"#_ftn1\">[1]<\/a>. Ha visto la luz a finales de 2020 y se distribuye en 2021, llegando ahora a las librer\u00edas. Se trata de una acertada propuesta del Parque Nacional Picos de Europa y la Red de Parques Nacionales para editar una s\u00edntesis sobre el relieve de Picos desde todos los puntos de vista posibles, y un mapa que re\u00fana todas las formas de relieve del Parque.<\/p>\n\n\n\n<p>En el libro participan dos miembros del GIR Pangea, Enrique Serrano Ca\u00f1adas y Manuel G\u00f3mez Lende, ge\u00f3grafos que llevan trabajando en el relieve, el Cuaternario, el periglaciarismo, las cuevas heladas y en definitiva en su paisaje desde hace m\u00e1s de veinte a\u00f1os.<\/p>\n\n\n\n<p>Este libro y el mapa que lo acompa\u00f1a a\u00fanan ciencia y divulgaci\u00f3n para ayudarnos a comprender el singular relieve de los Picos de Europa. No se pueden entender estas monta\u00f1as sin el formidable encadenamiento de maravillas p\u00e9treas que las arman; sin las innumerables pe\u00f1as, morras, crestas, jous, boches, llambr\u00edas, lombas, canales, heleros, simas, cuevas heladas, umbrales, gargantas y valles&#8230; En el relieve podemos leer diferentes escrituras: la de las rocas y su edad de deposici\u00f3n y formaci\u00f3n, la de las estructuras geol\u00f3gicas y las fuerzas tect\u00f3nicas que las construyen y determinan su disposici\u00f3n, y la de las formas de modelado, labradas seg\u00fan las condiciones de los climas pasados. La extensi\u00f3n e importancia de los glaciares que ocuparon las altas cumbres calc\u00e1reas o las monta\u00f1as circundantes, y sus restos actuales como los heleros, heredados de la \u00faltima pulsaci\u00f3n fr\u00eda, hist\u00f3rica, la denominada Peque\u00f1a Edad del Hielo; los procesos fr\u00edos todav\u00eda activos asociados a la nieve y el congelamiento estacional; los procesos fluviok\u00e1rsticos, capaces de elaborar las magn\u00edficas gargantas que compartimentan los macizos de Andara, los Urrieles o el Corni\u00f3n, tambi\u00e9n funcionales; las cavidades que superan los mil metros de profundidad, en muchas ocasiones heladas y guardando verdaderos tesoros cient\u00edficos y est\u00e9ticos en sus entra\u00f1as; o esas laderas que se deslizan hacia los valles en una din\u00e1mica constante y a\u00fan viva, a veces peligrosa. Todo ello se explica en este volumen de forma rigurosa y asequible para quien se aproxima al Parque nacional con deseos de aprender de una espl\u00e9ndida naturaleza.<\/p>\n\n\n\n<p>Dif\u00edcil de adquirir, pero est\u00e1 en venta en algunas librer\u00edas:<\/p>\n\n\n\n<p>Librer\u00eda Desnivel: https:\/\/www.libreriadesnivel.com\/libros\/el-relieve-del-parque-nacional-picos-de-europa\/9788480149310\/<\/p>\n\n\n\n<hr class=\"wp-block-separator\"\/>\n\n\n\n<p><a href=\"#_ftnref1\">[1]<\/a> Sobre el origen del Parque: Serrano, E., Gonz\u00e1lez Trueba, J.J., G\u00f3mez Lende, M. 2018. Naturaleza, cultura e historia del primer Parque Nacional: Picos de Europa. Ambienta, n\u00ba121, pp. 30-49.<\/p>\n","protected":false},"excerpt":{"rendered":"<p>Gonz\u00e1lez, J.J., Serrano, E., Gonz\u00e1lez, M., G\u00f3mez Lende, M., Men\u00e9ndez, M. (2017). El relieve del Parque Nacional Picos de Europa. Red de Parques Nacionales, OAPN, Madrid, 398 pp. ISBN:9788480149310. Pr\u00f3logo: Eduardo Mart\u00ednez de Pis\u00f3n. El relieve del Parque Nacional Picos de Europa se escribi\u00f3 con motivo del centenario del Parque Nacional de los Picos de [&hellip;]<\/p>\n","protected":false},"author":1,"featured_media":1797,"comment_status":"closed","ping_status":"open","sticky":false,"template":"","format":"standard","meta":{"jetpack_post_was_ever_published":false,"jetpack_publicize_message":"","jetpack_is_tweetstorm":false,"jetpack_publicize_feature_enabled":true,"jetpack_social_post_already_shared":true,"jetpack_social_options":{"image_generator_settings":{"template":"highway","enabled":false}}},"categories":[1],"tags":[],"jetpack_publicize_connections":[],"jetpack_featured_media_url":"https:\/\/i0.wp.com\/albergueweb1.uva.es\/gir_pangea\/wp-content\/uploads\/2021\/06\/9788484726548090.jpg?fit=400%2C571","jetpack_sharing_enabled":true,"jetpack_shortlink":"https:\/\/wp.me\/p79crb-sY","jetpack-related-posts":[{"id":1075,"url":"http:\/\/albergueweb1.uva.es\/gir_pangea\/?p=1075","url_meta":{"origin":1796,"position":0},"title":"\u00a1Libro! Cuevas heladas de Picos de Europa","date":"8 febrero, 2017","format":false,"excerpt":"Manuel G\u00f3mez Lende, nuestro reciente doctor de la UVa, publica el impresionante libro sobre las maravillosas cuevas heladas de Picos de Europa","rel":"","context":"En \u00abSin categor\u00eda\u00bb","img":{"alt_text":"","src":"","width":0,"height":0},"classes":[]},{"id":2032,"url":"http:\/\/albergueweb1.uva.es\/gir_pangea\/?p=2032","url_meta":{"origin":1796,"position":1},"title":"Memoria \u00abPicos 23\u00bb","date":"22 enero, 2024","format":false,"excerpt":"Se ha presentado la memoria Picos 2023, el documento que resume la actividad de la campa\u00f1a espeleol\u00f3gica en los Picos de Europa. Este a\u00f1o, organizada por el CES Alfa, han participado cuatro grupos espelol\u00f3gicos, CES Alfa, AS Charentais, Abismo, CEG y el GIR Pangea de la Universidad de Valladolid. En\u2026","rel":"","context":"En \u00abSin categor\u00eda\u00bb","img":{"alt_text":"","src":"https:\/\/i0.wp.com\/albergueweb1.uva.es\/gir_pangea\/wp-content\/uploads\/2024\/01\/picos2023.png?fit=411%2C528&resize=350%2C200","width":350,"height":200},"classes":[]},{"id":1681,"url":"http:\/\/albergueweb1.uva.es\/gir_pangea\/?p=1681","url_meta":{"origin":1796,"position":2},"title":"Campa\u00f1a de investigaci\u00f3n 2020 en cuevas heladas en Picos de Europa","date":"2 julio, 2020","format":false,"excerpt":"La campa\u00f1a de investigaci\u00f3n en cuevas heladas realizada anualmente por el grupo PANGEA en colaboraci\u00f3n con el CES Alfa y AS Charentais, se realizar\u00e1 en la primera quincena de agosto. Los compa\u00f1eros del AS Charentais no se desplazar\u00e1n este a\u00f1o a Picos deEuropa por las condiciones del covid-19. Adem\u00e1s, Las\u2026","rel":"","context":"En \u00abSin categor\u00eda\u00bb","img":{"alt_text":"","src":"https:\/\/i0.wp.com\/albergueweb1.uva.es\/gir_pangea\/wp-content\/uploads\/2020\/07\/cueva.png?fit=1200%2C604&resize=350%2C200","width":350,"height":200},"classes":[]},{"id":1710,"url":"http:\/\/albergueweb1.uva.es\/gir_pangea\/?p=1710","url_meta":{"origin":1796,"position":3},"title":"Finalizada la campa\u00f1a de campo de cuevas heladas en Picos de Europa","date":"26 agosto, 2020","format":false,"excerpt":"Ha finalizado la campa\u00f1a de campo de cuevas heladas en los Picos de Europa, desarrollada entre el uno y el quince de agosto. Este a\u00f1o se han realizado las observaciones sistem\u00e1ticas y el cambio de instrumentaci\u00f3n en las cuevas que monitorizadas desde hace 10 a\u00f1os para el seguimiento endoclim\u00e1tico y\u2026","rel":"","context":"En \u00abSin categor\u00eda\u00bb","img":{"alt_text":"","src":"https:\/\/i0.wp.com\/albergueweb1.uva.es\/gir_pangea\/wp-content\/uploads\/2020\/08\/FOTO_CUEVAS.jpg?fit=936%2C1159&resize=350%2C200","width":350,"height":200},"classes":[]},{"id":913,"url":"http:\/\/albergueweb1.uva.es\/gir_pangea\/?p=913","url_meta":{"origin":1796,"position":4},"title":"Las Cuevas Heladas en Picos de Europa. Tesis doctoral","date":"28 octubre, 2015","format":false,"excerpt":"[DESCARGAR RESUMEN DIVULGATIVO EN PDF]","rel":"","context":"En \u00abSin categor\u00eda\u00bb","img":{"alt_text":"","src":"https:\/\/i0.wp.com\/albergueweb1.uva.es\/gir_pangea\/wp-content\/uploads\/2011\/11\/28-10-2015-11-01-00.png?fit=375%2C611&resize=350%2C200","width":350,"height":200},"classes":[]},{"id":1178,"url":"http:\/\/albergueweb1.uva.es\/gir_pangea\/?p=1178","url_meta":{"origin":1796,"position":5},"title":"As\u00ed fue nuestra campa\u00f1a en las cuevas heladas de Picos de Europa","date":"19 septiembre, 2017","format":"video","excerpt":"","rel":"","context":"En \u00abSin categor\u00eda\u00bb","img":{"alt_text":"","src":"https:\/\/i0.wp.com\/albergueweb1.uva.es\/gir_pangea\/wp-content\/uploads\/2017\/09\/19-09-2017-12-56-50.png?fit=1200%2C747&resize=350%2C200","width":350,"height":200},"classes":[]}],"_links":{"self":[{"href":"http:\/\/albergueweb1.uva.es\/gir_pangea\/index.php?rest_route=\/wp\/v2\/posts\/1796"}],"collection":[{"href":"http:\/\/albergueweb1.uva.es\/gir_pangea\/index.php?rest_route=\/wp\/v2\/posts"}],"about":[{"href":"http:\/\/albergueweb1.uva.es\/gir_pangea\/index.php?rest_route=\/wp\/v2\/types\/post"}],"author":[{"embeddable":true,"href":"http:\/\/albergueweb1.uva.es\/gir_pangea\/index.php?rest_route=\/wp\/v2\/users\/1"}],"replies":[{"embeddable":true,"href":"http:\/\/albergueweb1.uva.es\/gir_pangea\/index.php?rest_route=%2Fwp%2Fv2%2Fcomments&post=1796"}],"version-history":[{"count":2,"href":"http:\/\/albergueweb1.uva.es\/gir_pangea\/index.php?rest_route=\/wp\/v2\/posts\/1796\/revisions"}],"predecessor-version":[{"id":1830,"href":"http:\/\/albergueweb1.uva.es\/gir_pangea\/index.php?rest_route=\/wp\/v2\/posts\/1796\/revisions\/1830"}],"wp:featuredmedia":[{"embeddable":true,"href":"http:\/\/albergueweb1.uva.es\/gir_pangea\/index.php?rest_route=\/wp\/v2\/media\/1797"}],"wp:attachment":[{"href":"http:\/\/albergueweb1.uva.es\/gir_pangea\/index.php?rest_route=%2Fwp%2Fv2%2Fmedia&parent=1796"}],"wp:term":[{"taxonomy":"category","embeddable":true,"href":"http:\/\/albergueweb1.uva.es\/gir_pangea\/index.php?rest_route=%2Fwp%2Fv2%2Fcategories&post=1796"},{"taxonomy":"post_tag","embeddable":true,"href":"http:\/\/albergueweb1.uva.es\/gir_pangea\/index.php?rest_route=%2Fwp%2Fv2%2Ftags&post=1796"}],"curies":[{"name":"wp","href":"https:\/\/api.w.org\/{rel}","templated":true}]}}