{"id":6300,"date":"2025-05-20T17:36:59","date_gmt":"2025-05-20T17:36:59","guid":{"rendered":"https:\/\/albergueweb1.uva.es\/filosofia-departamento\/?p=6300"},"modified":"2025-05-20T18:19:42","modified_gmt":"2025-05-20T18:19:42","slug":"presentacion-de-la-obra-la-paz-perpetua","status":"publish","type":"post","link":"https:\/\/albergueweb1.uva.es\/filosofia-departamento\/presentacion-de-la-obra-la-paz-perpetua\/","title":{"rendered":"Presentaci\u00f3n de la obra \u00abLa Paz Perpetua\u00bb"},"content":{"rendered":"\n<p class=\"gb-headline gb-headline-6fee12a2 gb-headline-text\">El <strong>martes 27 de mayo<\/strong>, la Asociaci\u00f3n de Teatro Filos\u00f3fico integrada por alumnos de nuestro grado, presentar\u00e1 su obra\u00a0<em><strong>La Paz Perpetua<\/strong><\/em>. El acto tendr\u00e1 lugar en el aula Lope de Rueda a las 13:00.<\/p>\n\n\n\n<p><\/p>\n\n\n\n<p>Asociaci\u00f3n de Teatro Filos\u00f3fico&nbsp;<\/p>\n\n\n\n<p>Ficha t\u00e9cnica de la producci\u00f3n del curso 2024\/2025&nbsp;<\/p>\n\n\n\n<p><strong>T\u00cdTULO: <\/strong><em>La paz perpetua<\/em>&nbsp;<\/p>\n\n\n\n<p><strong>AUTOR: <\/strong>Juan Mayorga&nbsp;<\/p>\n\n\n\n<p><strong>DIRECCI\u00d3N Y DRAMATURGIA: <\/strong>Ra\u00fal Valiente&nbsp;<\/p>\n\n\n\n<p><strong>REPARTO:<\/strong>&nbsp;<\/p>\n\n\n\n<ul class=\"wp-block-list\">\n<li>Laura Garc\u00eda como CASIUS y HUMANO<\/li>\n\n\n\n<li>Pedro Castrillo como OD\u00cdN<\/li>\n\n\n\n<li>\u00c1lvaro Garc\u00eda como JOHN-JOHN<\/li>\n\n\n\n<li>Ra\u00fal Valiente como ENMANUEL\u00a0<\/li>\n<\/ul>\n\n\n\n<p><strong>M\u00daSICA: <\/strong>Adolfo Mayo&nbsp;<\/p>\n\n\n\n<p><strong>COREOGRAF\u00cdA: <\/strong>Roc\u00edo Mu\u00f1oz&nbsp;<\/p>\n\n\n\n<p><strong>G\u00c9NERO: <\/strong>Drama&nbsp;<\/p>\n\n\n\n<p><strong>DURACI\u00d3N APROXIMADA:<\/strong> 80 minutos&nbsp;<\/p>\n\n\n\n<p><strong>P\u00daBLICO RECOMENDADO: <\/strong>A partir de 15 a\u00f1os&nbsp;<\/p>\n\n\n\n<p><strong>SINOPSIS:<\/strong>&nbsp;<\/p>\n\n\n\n<p>Tres perros despiertan en una habitaci\u00f3n aislada completamente del exterior excepto por dos puertas. All\u00ed, deber\u00e1n enfrentarse a las \u00faltimas pruebas de acceso al grupo de acci\u00f3n antiterrorista K7. La tensi\u00f3n escala entre los personajes, que compiten entre ellos por el puesto de trabajo hasta que, finalmente, se ponen cara a cara con la cruda realidad moral de la acci\u00f3n preventiva contra los ataques terroristas.&nbsp;<\/p>\n\n\n\n<p>Juan Mayorga aborda la complejidad de la lucha contra el terrorismo en este texto profundamente aleg\u00f3rico y cargado de filosof\u00eda que presenta las diferentes posturas y maneras de enfrentar la cuesti\u00f3n a trav\u00e9s de una serie de personajes arraigados en la realidad pol\u00edtica post 11M. La obra no se achanta a la hora de diseccionar el razonamiento tras las decisiones dif\u00edciles y deja un toque agridulce en el p\u00fablico, invitando a la reflexi\u00f3n acerca de los temas abordados.<\/p>\n","protected":false},"excerpt":{"rendered":"<p>El martes 27 de mayo, la Asociaci\u00f3n de Teatro Filos\u00f3fico integrada por &#8230; <\/p>\n<p class=\"read-more-container\"><a title=\"Presentaci\u00f3n de la obra \u00abLa Paz Perpetua\u00bb\" class=\"read-more button\" href=\"https:\/\/albergueweb1.uva.es\/filosofia-departamento\/presentacion-de-la-obra-la-paz-perpetua\/#more-6300\" aria-label=\"M\u00e1s en Presentaci\u00f3n de la obra \u00abLa Paz Perpetua\u00bb\">Leer m\u00e1s<\/a><\/p>\n","protected":false},"author":13,"featured_media":6301,"comment_status":"closed","ping_status":"closed","sticky":false,"template":"","format":"standard","meta":{"footnotes":""},"categories":[1],"tags":[],"class_list":["post-6300","post","type-post","status-publish","format-standard","has-post-thumbnail","hentry","category-sin-categoria","infinite-scroll-item","no-featured-image-padding","resize-featured-image"],"_links":{"self":[{"href":"https:\/\/albergueweb1.uva.es\/filosofia-departamento\/wp-json\/wp\/v2\/posts\/6300","targetHints":{"allow":["GET"]}}],"collection":[{"href":"https:\/\/albergueweb1.uva.es\/filosofia-departamento\/wp-json\/wp\/v2\/posts"}],"about":[{"href":"https:\/\/albergueweb1.uva.es\/filosofia-departamento\/wp-json\/wp\/v2\/types\/post"}],"author":[{"embeddable":true,"href":"https:\/\/albergueweb1.uva.es\/filosofia-departamento\/wp-json\/wp\/v2\/users\/13"}],"replies":[{"embeddable":true,"href":"https:\/\/albergueweb1.uva.es\/filosofia-departamento\/wp-json\/wp\/v2\/comments?post=6300"}],"version-history":[{"count":3,"href":"https:\/\/albergueweb1.uva.es\/filosofia-departamento\/wp-json\/wp\/v2\/posts\/6300\/revisions"}],"predecessor-version":[{"id":6306,"href":"https:\/\/albergueweb1.uva.es\/filosofia-departamento\/wp-json\/wp\/v2\/posts\/6300\/revisions\/6306"}],"wp:featuredmedia":[{"embeddable":true,"href":"https:\/\/albergueweb1.uva.es\/filosofia-departamento\/wp-json\/wp\/v2\/media\/6301"}],"wp:attachment":[{"href":"https:\/\/albergueweb1.uva.es\/filosofia-departamento\/wp-json\/wp\/v2\/media?parent=6300"}],"wp:term":[{"taxonomy":"category","embeddable":true,"href":"https:\/\/albergueweb1.uva.es\/filosofia-departamento\/wp-json\/wp\/v2\/categories?post=6300"},{"taxonomy":"post_tag","embeddable":true,"href":"https:\/\/albergueweb1.uva.es\/filosofia-departamento\/wp-json\/wp\/v2\/tags?post=6300"}],"curies":[{"name":"wp","href":"https:\/\/api.w.org\/{rel}","templated":true}]}}