{"id":1014,"date":"2016-02-15T17:27:10","date_gmt":"2016-02-15T17:27:10","guid":{"rendered":"http:\/\/www5.uva.es\/gir_pangea\/?p=1014"},"modified":"2017-02-08T18:07:20","modified_gmt":"2017-02-08T18:07:20","slug":"mapa-desencadenamiento-aludes-alto-campoo","status":"publish","type":"post","link":"https:\/\/albergueweb1.uva.es\/gir_pangea\/?p=1014","title":{"rendered":"Mapa desencadenamiento aludes Alto Campoo"},"content":{"rendered":"<p><img loading=\"lazy\" class=\"alignnone\" src=\"http:\/\/www5.uva.es\/gir_pangea\/wp-content\/uploads\/Mapa_aludes\" alt=\"\" width=\"1023\" height=\"731\" \/><\/p>\n","protected":false},"excerpt":{"rendered":"","protected":false},"author":1,"featured_media":1088,"comment_status":"closed","ping_status":"open","sticky":false,"template":"","format":"image","meta":{"jetpack_post_was_ever_published":false,"jetpack_publicize_message":"","jetpack_is_tweetstorm":false,"jetpack_publicize_feature_enabled":true,"jetpack_social_post_already_shared":true,"jetpack_social_options":{"image_generator_settings":{"template":"highway","enabled":false}}},"categories":[1],"tags":[],"jetpack_publicize_connections":[],"jetpack_featured_media_url":"https:\/\/i0.wp.com\/albergueweb1.uva.es\/gir_pangea\/wp-content\/uploads\/2016\/02\/08-02-2017-19-05-33.png?fit=417%2C294&ssl=1","jetpack_sharing_enabled":true,"jetpack_shortlink":"https:\/\/wp.me\/p79crb-gm","jetpack-related-posts":[{"id":1456,"url":"https:\/\/albergueweb1.uva.es\/gir_pangea\/?p=1456","url_meta":{"origin":1014,"position":0},"title":"Defensa de Tesis Doctoral &#8211; Alfonso Pisabarro","date":"1 julio, 2019","format":false,"excerpt":"El pr\u00f3ximo mi\u00e9rcoles 3 de julio, nuestro compa\u00f1ero, Alfonso Pisabarro, defender\u00e1 su tesis doctoral \"Cambio global y respuestas ambientales en la Monta\u00f1a Cant\u00e1brica: el Alto Pisuerga\". La defensa tendr\u00e1 lugar a las 11:00h en el Sal\u00f3n de Grados de la Facultad de Filosof\u00eda y Letras, Universidad de Valladolid. Cualquier persona\u2026","rel":"","context":"En \u00abSin categor\u00eda\u00bb","img":{"alt_text":"","src":"https:\/\/i0.wp.com\/albergueweb1.uva.es\/gir_pangea\/wp-content\/uploads\/2019\/07\/IMG-20190701-WA0000-e1562000676194.jpg?fit=576%2C559&ssl=1&resize=350%2C200","width":350,"height":200},"classes":[]},{"id":1796,"url":"https:\/\/albergueweb1.uva.es\/gir_pangea\/?p=1796","url_meta":{"origin":1014,"position":1},"title":"Libro: \u00abEl Relieve del Parque Nacional Picos de Europa\u00bb","date":"11 junio, 2021","format":false,"excerpt":"Gonz\u00e1lez, J.J., Serrano, E., Gonz\u00e1lez, M., G\u00f3mez Lende, M., Men\u00e9ndez, M. (2017). El relieve del Parque Nacional Picos de Europa. Red de Parques Nacionales, OAPN, Madrid, 398 pp. ISBN:9788480149310. Pr\u00f3logo: Eduardo Mart\u00ednez de Pis\u00f3n. El relieve del Parque Nacional Picos de Europa se escribi\u00f3 con motivo del centenario del Parque\u2026","rel":"","context":"En \u00abSin categor\u00eda\u00bb","img":{"alt_text":"","src":"https:\/\/i0.wp.com\/albergueweb1.uva.es\/gir_pangea\/wp-content\/uploads\/2021\/06\/9788484726548090.jpg?fit=400%2C571&ssl=1&resize=350%2C200","width":350,"height":200},"classes":[]},{"id":1827,"url":"https:\/\/albergueweb1.uva.es\/gir_pangea\/?p=1827","url_meta":{"origin":1014,"position":2},"title":"Libro \u00abGeomorfolog\u00eda urbana de Valladolid y su entorno\u00bb","date":"19 octubre, 2021","format":false,"excerpt":"El Sal\u00f3n de Recepciones del Ayuntamiento de Valladolid acogi\u00f3 el pasado 13 de octubre la presentaci\u00f3n del libro \"Geomorfolog\u00eda urbana de Valladolid y su entorno\", firmado por David M\u00e9ndez y Enrique Serrano, y editado por el Ayuntamiento dentro de la Colecci\u00f3n de Publicaciones Municipales de su cat\u00e1logo editorial. El acto\u2026","rel":"","context":"En \u00abSin categor\u00eda\u00bb","img":{"alt_text":"","src":"https:\/\/i0.wp.com\/albergueweb1.uva.es\/gir_pangea\/wp-content\/uploads\/2021\/10\/IMG_20211019_0002_NEW-scaled.jpg?fit=855%2C1200&ssl=1&resize=350%2C200","width":350,"height":200},"classes":[]},{"id":1464,"url":"https:\/\/albergueweb1.uva.es\/gir_pangea\/?p=1464","url_meta":{"origin":1014,"position":3},"title":"NUEVO DOCTOR EN PANGEA. ALFONSO PISABARRO","date":"5 julio, 2019","format":false,"excerpt":"El d\u00eda 3 de julio ha le\u00eddo su tesis doctoral titulada \u00abCambio global y respuestas ambientales en la Monta\u00f1a Cant\u00e1brica: el Alto Pisuerga\u00bb nuestro compa\u00f1ero Alfonso Pisabarro en el Sal\u00f3n de Grados de la Facultad de Filosof\u00eda y Letras de la Universidad de Valladolid. \u00a1Enhorabuena a Alfonso por su doctorado!\u2026","rel":"","context":"En \u00abSin categor\u00eda\u00bb","img":{"alt_text":"","src":"https:\/\/i0.wp.com\/albergueweb1.uva.es\/gir_pangea\/wp-content\/uploads\/2019\/07\/image00006.jpeg?fit=1200%2C900&ssl=1&resize=350%2C200","width":350,"height":200},"classes":[]},{"id":672,"url":"https:\/\/albergueweb1.uva.es\/gir_pangea\/?p=672","url_meta":{"origin":1014,"position":4},"title":"V Congreso Ib\u00e9rico IPA 2015","date":"28 enero, 2015","format":false,"excerpt":"","rel":"","context":"En \u00abSin categor\u00eda\u00bb","img":{"alt_text":"","src":"https:\/\/i0.wp.com\/albergueweb1.uva.es\/gir_pangea\/wp-content\/uploads\/2015\/01\/CABECERA.png?fit=832%2C212&ssl=1&resize=350%2C200","width":350,"height":200},"classes":[]},{"id":780,"url":"https:\/\/albergueweb1.uva.es\/gir_pangea\/?p=780","url_meta":{"origin":1014,"position":5},"title":"Bolet\u00edn PANGEA 2014","date":"18 enero, 2015","format":false,"excerpt":"\u00a0 \u00a0 \u00a0 Bolet\u00edn PANGEA 2014 [Descargar]","rel":"","context":"En \u00abSin categor\u00eda\u00bb","img":{"alt_text":"","src":"","width":0,"height":0},"classes":[]}],"_links":{"self":[{"href":"https:\/\/albergueweb1.uva.es\/gir_pangea\/index.php?rest_route=\/wp\/v2\/posts\/1014"}],"collection":[{"href":"https:\/\/albergueweb1.uva.es\/gir_pangea\/index.php?rest_route=\/wp\/v2\/posts"}],"about":[{"href":"https:\/\/albergueweb1.uva.es\/gir_pangea\/index.php?rest_route=\/wp\/v2\/types\/post"}],"author":[{"embeddable":true,"href":"https:\/\/albergueweb1.uva.es\/gir_pangea\/index.php?rest_route=\/wp\/v2\/users\/1"}],"replies":[{"embeddable":true,"href":"https:\/\/albergueweb1.uva.es\/gir_pangea\/index.php?rest_route=%2Fwp%2Fv2%2Fcomments&post=1014"}],"version-history":[{"count":1,"href":"https:\/\/albergueweb1.uva.es\/gir_pangea\/index.php?rest_route=\/wp\/v2\/posts\/1014\/revisions"}],"predecessor-version":[{"id":1018,"href":"https:\/\/albergueweb1.uva.es\/gir_pangea\/index.php?rest_route=\/wp\/v2\/posts\/1014\/revisions\/1018"}],"wp:featuredmedia":[{"embeddable":true,"href":"https:\/\/albergueweb1.uva.es\/gir_pangea\/index.php?rest_route=\/wp\/v2\/media\/1088"}],"wp:attachment":[{"href":"https:\/\/albergueweb1.uva.es\/gir_pangea\/index.php?rest_route=%2Fwp%2Fv2%2Fmedia&parent=1014"}],"wp:term":[{"taxonomy":"category","embeddable":true,"href":"https:\/\/albergueweb1.uva.es\/gir_pangea\/index.php?rest_route=%2Fwp%2Fv2%2Fcategories&post=1014"},{"taxonomy":"post_tag","embeddable":true,"href":"https:\/\/albergueweb1.uva.es\/gir_pangea\/index.php?rest_route=%2Fwp%2Fv2%2Ftags&post=1014"}],"curies":[{"name":"wp","href":"https:\/\/api.w.org\/{rel}","templated":true}]}}