{"id":1027,"date":"2016-07-01T10:23:38","date_gmt":"2016-07-01T10:23:38","guid":{"rendered":"http:\/\/www5.uva.es\/gir_pangea\/?p=1027"},"modified":"2017-02-08T17:58:39","modified_gmt":"2017-02-08T17:58:39","slug":"icop-2016-international-conference-on-permafrost-en-potsdam-alemania","status":"publish","type":"post","link":"https:\/\/albergueweb1.uva.es\/gir_pangea\/?p=1027","title":{"rendered":"ICOP 2016 (International Conference on Permafrost) en Potsdam (Alemania)"},"content":{"rendered":"<p style=\"text-align: left;\"><strong>\u00a0ICOP 2016 (International Conference on Permafrost) en Potsdam (Alemania)<\/strong><\/p>\n<p style=\"text-align: left;\">Tras la \u00faltima edici\u00f3n en Fairbanks (Alaska) en 2012 se ha celebrado una edici\u00f3n m\u00e1s de la conferencia internacional de permafrost en Potsdam donde varios miembros del grupo han asistido o han estado presentes en diversas comunicaciones. Nos alegra haber podido asistir, participar y ponernos al d\u00eda con los nuevos avances de los investigadores de todo el mundo en el estudio de ambientes fr\u00edos.<\/p>\n<p class=\"paper_author\" style=\"text-align: left;\"><a href=\"https:\/\/i0.wp.com\/www5.uva.es\/gir_pangea\/wp-content\/uploads\/2016\/07\/foto-ICOP.png\" rel=\"attachment wp-att-1028\"><img data-attachment-id=\"1028\" data-permalink=\"https:\/\/albergueweb1.uva.es\/gir_pangea\/?attachment_id=1028\" data-orig-file=\"https:\/\/i0.wp.com\/albergueweb1.uva.es\/gir_pangea\/wp-content\/uploads\/2016\/07\/foto-ICOP.png?fit=425%2C583&amp;ssl=1\" data-orig-size=\"425,583\" data-comments-opened=\"0\" data-image-meta=\"{&quot;aperture&quot;:&quot;0&quot;,&quot;credit&quot;:&quot;&quot;,&quot;camera&quot;:&quot;&quot;,&quot;caption&quot;:&quot;&quot;,&quot;created_timestamp&quot;:&quot;0&quot;,&quot;copyright&quot;:&quot;&quot;,&quot;focal_length&quot;:&quot;0&quot;,&quot;iso&quot;:&quot;0&quot;,&quot;shutter_speed&quot;:&quot;0&quot;,&quot;title&quot;:&quot;&quot;,&quot;orientation&quot;:&quot;0&quot;}\" data-image-title=\"foto ICOP\" data-image-description=\"\" data-image-caption=\"\" data-medium-file=\"https:\/\/i0.wp.com\/albergueweb1.uva.es\/gir_pangea\/wp-content\/uploads\/2016\/07\/foto-ICOP.png?fit=219%2C300&amp;ssl=1\" data-large-file=\"https:\/\/i0.wp.com\/albergueweb1.uva.es\/gir_pangea\/wp-content\/uploads\/2016\/07\/foto-ICOP.png?fit=425%2C583&amp;ssl=1\" loading=\"lazy\" class=\"size-full wp-image-1028 aligncenter\" src=\"https:\/\/i0.wp.com\/www5.uva.es\/gir_pangea\/wp-content\/uploads\/2016\/07\/foto-ICOP.png?resize=425%2C583\" alt=\"foto ICOP\" width=\"425\" height=\"583\" srcset=\"https:\/\/i0.wp.com\/albergueweb1.uva.es\/gir_pangea\/wp-content\/uploads\/2016\/07\/foto-ICOP.png?w=425&amp;ssl=1 425w, https:\/\/i0.wp.com\/albergueweb1.uva.es\/gir_pangea\/wp-content\/uploads\/2016\/07\/foto-ICOP.png?resize=219%2C300&amp;ssl=1 219w\" sizes=\"(max-width: 425px) 100vw, 425px\" data-recalc-dims=\"1\" \/><\/a><\/p>\n<p class=\"paper_author\" style=\"text-align: left;\">Los miembros de PANGEA participaron en las siguientes comunicaciones:<\/p>\n<p class=\"paper_author\" style=\"text-align: left;\">Ground thermal regime and geomorphological consequences in the Pyrenean high mountain.<\/p>\n<p class=\"paper_title\" style=\"text-align: left;\">The periglaciation of the Iberian Peninsula<\/p>\n<p class=\"paper_title\" style=\"text-align: left;\">Periglacial landforms and processes on a calcareous high mountain. Picos de Europa (Cantabrian Mountains, Northern Spain)<\/p>\n<p class=\"paper_title\" style=\"text-align: left;\">Permafrost research collaboration between PYRN Iberian members (Spain and Portugal)<\/p>\n<p style=\"text-align: left;\">M\u00e1s informaci\u00f3n en:<\/p>\n<p style=\"text-align: left;\">https:\/\/www.conftool.pro\/icop2016\/sessions.php<\/p>\n<p>&nbsp;<\/p>\n<p>&nbsp;<\/p>\n","protected":false},"excerpt":{"rendered":"<p>\u00a0ICOP 2016 (International Conference on Permafrost) en Potsdam (Alemania) Tras la \u00faltima edici\u00f3n en Fairbanks (Alaska) en 2012 se ha celebrado una edici\u00f3n m\u00e1s de la conferencia internacional de permafrost en Potsdam donde varios miembros del grupo han asistido o han estado presentes en diversas comunicaciones. Nos alegra haber podido asistir, participar y ponernos al [&hellip;]<\/p>\n","protected":false},"author":1,"featured_media":1028,"comment_status":"closed","ping_status":"open","sticky":false,"template":"","format":"standard","meta":{"jetpack_post_was_ever_published":false,"jetpack_publicize_message":"","jetpack_is_tweetstorm":false,"jetpack_publicize_feature_enabled":true,"jetpack_social_post_already_shared":true,"jetpack_social_options":{"image_generator_settings":{"template":"highway","enabled":false}}},"categories":[5],"tags":[],"jetpack_publicize_connections":[],"jetpack_featured_media_url":"https:\/\/i0.wp.com\/albergueweb1.uva.es\/gir_pangea\/wp-content\/uploads\/2016\/07\/foto-ICOP.png?fit=425%2C583&ssl=1","jetpack_sharing_enabled":true,"jetpack_shortlink":"https:\/\/wp.me\/p79crb-gz","jetpack-related-posts":[{"id":2078,"url":"https:\/\/albergueweb1.uva.es\/gir_pangea\/?p=2078","url_meta":{"origin":1027,"position":0},"title":"Foro Internacional Agua y Territorios Andinos. Oportunidades y desaf\u00edos para la gesti\u00f3n de recursos h\u00eddricos.","date":"7 octubre, 2024","format":false,"excerpt":"El 16 de julio de 2024 se celebr\u00f3 en Tacna (Per\u00fa) el Foro Internacional Agua y Territorios Andinos. Oportunidades y desaf\u00edos para la gesti\u00f3n de recursos h\u00eddricos en el departamento de Tacna, organizado por AEDES y desarrollado en el Auditorio Principal del Gobierno Regional de Tacna. En el foro se\u2026","rel":"","context":"En \u00abSin categor\u00eda\u00bb","img":{"alt_text":"","src":"https:\/\/i0.wp.com\/albergueweb1.uva.es\/gir_pangea\/wp-content\/uploads\/2024\/10\/foto2.jpg?resize=350%2C200&ssl=1","width":350,"height":200},"classes":[]},{"id":1363,"url":"https:\/\/albergueweb1.uva.es\/gir_pangea\/?p=1363","url_meta":{"origin":1027,"position":1},"title":"XXXVI Consejo Plenario de la Comunidad de Trabajo de Pirineos (CTP)","date":"19 diciembre, 2018","format":false,"excerpt":"El d\u00eda 12 de noviembre, Observatorio Pirenaico para el cambio Clim\u00e1tico (OPCC) orgraniz\u00f3, en Zaragoza, en el marco del XXXVI Consejo Plenario de la Comunidad de Trabajo de Pirineos (CTP), una jornada-seminario sobre cambio clim\u00e1tico y riesgos naturales en los Pirineos donde se present\u00f3 el \u201cInforme del Cambio Clim\u00e1tico en\u2026","rel":"","context":"En \u00abSin categor\u00eda\u00bb","img":{"alt_text":"","src":"https:\/\/i0.wp.com\/albergueweb1.uva.es\/gir_pangea\/wp-content\/uploads\/2018\/12\/OPCC-Reusmen-ES-V3.indd-001-e1545213105359.jpg?fit=1183%2C1115&ssl=1&resize=350%2C200","width":350,"height":200},"classes":[]},{"id":1164,"url":"https:\/\/albergueweb1.uva.es\/gir_pangea\/?p=1164","url_meta":{"origin":1027,"position":2},"title":"Curso de Glaciares, Nieve y Permafrost de Monta\u00f1a","date":"5 junio, 2017","format":false,"excerpt":"","rel":"","context":"En \u00abSin categor\u00eda\u00bb","img":{"alt_text":"","src":"https:\/\/i0.wp.com\/albergueweb1.uva.es\/gir_pangea\/wp-content\/uploads\/2017\/06\/CABECERA.png?fit=366%2C766&ssl=1&resize=350%2C200","width":350,"height":200},"classes":[]},{"id":787,"url":"https:\/\/albergueweb1.uva.es\/gir_pangea\/?p=787","url_meta":{"origin":1027,"position":3},"title":"Curso \u00abFr\u00edo Extremo. De Iberia a los Polos y Marte\u00bb","date":"18 marzo, 2015","format":false,"excerpt":"El centro Buend\u00eda y la Universidad de Valladolid organizan en colaboraci\u00f3n con el Grupo de Investigaci\u00f3n PANGEA e IPA (Espa\u00f1a) durante el 18,19 y 20 de mayo de 2015 el curso titulad: \"Fr\u00edo Extremo. De Iberia a los Polos y Marte. Ciencia e investigaci\u00f3n en torno al permafrost\" Para conocer\u2026","rel":"","context":"En \u00abSin categor\u00eda\u00bb","img":{"alt_text":"","src":"https:\/\/i0.wp.com\/www5.uva.es\/gir_pangea\/wp-content\/uploads\/2015\/03\/programa-1.png?resize=350%2C200","width":350,"height":200},"classes":[]},{"id":1156,"url":"https:\/\/albergueweb1.uva.es\/gir_pangea\/?p=1156","url_meta":{"origin":1027,"position":4},"title":"International Symposium on the effects of global change","date":"30 marzo, 2017","format":false,"excerpt":"Este mes de marzo nuestro compa\u00f1ero del grupo, Alfonso Pisabarro ha participado en el International Symposium on \"The effects of global change on floods, fluvial geomorphology and related hazards in mountainous rivers\" celebrado en la Universidad de Potsdam, donde ha realizado la comunicaci\u00f3n \"Fluvial geomorphology in abandoned mountain landscapes: Pisuerga\u2026","rel":"","context":"En \u00abSin categor\u00eda\u00bb","img":{"alt_text":"","src":"https:\/\/i0.wp.com\/albergueweb1.uva.es\/gir_pangea\/wp-content\/uploads\/2017\/03\/symposium-global-change.png?fit=838%2C328&ssl=1&resize=350%2C200","width":350,"height":200},"classes":[]},{"id":1649,"url":"https:\/\/albergueweb1.uva.es\/gir_pangea\/?p=1649","url_meta":{"origin":1027,"position":5},"title":"Bolet\u00edn PANGEA, 2019 (vol.9)","date":"1 enero, 2020","format":false,"excerpt":"Consulta el bolet\u00edn completoDescarga Editorial Durante el a\u00f1o 2019 el GIR Pangea ha recogido los frutos de las investigaciones realizadas durante el \u00faltimo quinquenio con la lectura de dos tesis doctorales le\u00eddas por miembros del GIR. Este a\u00f1o han alcanzado el grado de doctor Ibai Rico en la UPV y\u2026","rel":"","context":"En \u00abSin categor\u00eda\u00bb","img":{"alt_text":"","src":"","width":0,"height":0},"classes":[]}],"_links":{"self":[{"href":"https:\/\/albergueweb1.uva.es\/gir_pangea\/index.php?rest_route=\/wp\/v2\/posts\/1027"}],"collection":[{"href":"https:\/\/albergueweb1.uva.es\/gir_pangea\/index.php?rest_route=\/wp\/v2\/posts"}],"about":[{"href":"https:\/\/albergueweb1.uva.es\/gir_pangea\/index.php?rest_route=\/wp\/v2\/types\/post"}],"author":[{"embeddable":true,"href":"https:\/\/albergueweb1.uva.es\/gir_pangea\/index.php?rest_route=\/wp\/v2\/users\/1"}],"replies":[{"embeddable":true,"href":"https:\/\/albergueweb1.uva.es\/gir_pangea\/index.php?rest_route=%2Fwp%2Fv2%2Fcomments&post=1027"}],"version-history":[{"count":1,"href":"https:\/\/albergueweb1.uva.es\/gir_pangea\/index.php?rest_route=\/wp\/v2\/posts\/1027\/revisions"}],"predecessor-version":[{"id":1029,"href":"https:\/\/albergueweb1.uva.es\/gir_pangea\/index.php?rest_route=\/wp\/v2\/posts\/1027\/revisions\/1029"}],"wp:featuredmedia":[{"embeddable":true,"href":"https:\/\/albergueweb1.uva.es\/gir_pangea\/index.php?rest_route=\/wp\/v2\/media\/1028"}],"wp:attachment":[{"href":"https:\/\/albergueweb1.uva.es\/gir_pangea\/index.php?rest_route=%2Fwp%2Fv2%2Fmedia&parent=1027"}],"wp:term":[{"taxonomy":"category","embeddable":true,"href":"https:\/\/albergueweb1.uva.es\/gir_pangea\/index.php?rest_route=%2Fwp%2Fv2%2Fcategories&post=1027"},{"taxonomy":"post_tag","embeddable":true,"href":"https:\/\/albergueweb1.uva.es\/gir_pangea\/index.php?rest_route=%2Fwp%2Fv2%2Ftags&post=1027"}],"curies":[{"name":"wp","href":"https:\/\/api.w.org\/{rel}","templated":true}]}}