{"id":1075,"date":"2017-02-08T17:25:55","date_gmt":"2017-02-08T17:25:55","guid":{"rendered":"http:\/\/www5.uva.es\/gir_pangea\/?p=1075"},"modified":"2017-02-08T18:28:08","modified_gmt":"2017-02-08T18:28:08","slug":"nuevo-libro-cuevas-heladas-en-el-parque-nacional-picos-de-europa","status":"publish","type":"post","link":"https:\/\/albergueweb1.uva.es\/gir_pangea\/?p=1075","title":{"rendered":"\u00a1Libro! Cuevas heladas de Picos de Europa"},"content":{"rendered":"<p>Manuel G\u00f3mez Lende, nuestro reciente doctor de la UVa, publica el impresionante libro sobre las maravillosas cuevas heladas de Picos de Europa<\/p>\n","protected":false},"excerpt":{"rendered":"<p>Manuel G\u00f3mez Lende, nuestro reciente doctor de la UVa, publica el impresionante libro sobre las maravillosas cuevas heladas de Picos de Europa<\/p>\n","protected":false},"author":1,"featured_media":1092,"comment_status":"closed","ping_status":"open","sticky":false,"template":"","format":"standard","meta":{"jetpack_post_was_ever_published":false,"jetpack_publicize_message":"","jetpack_is_tweetstorm":false,"jetpack_publicize_feature_enabled":true,"jetpack_social_post_already_shared":true,"jetpack_social_options":{"image_generator_settings":{"template":"highway","enabled":false}}},"categories":[1],"tags":[],"jetpack_publicize_connections":[],"jetpack_featured_media_url":"https:\/\/i0.wp.com\/albergueweb1.uva.es\/gir_pangea\/wp-content\/uploads\/2017\/02\/MANU.png?fit=354%2C194&ssl=1","jetpack_sharing_enabled":true,"jetpack_shortlink":"https:\/\/wp.me\/p79crb-hl","jetpack-related-posts":[{"id":1681,"url":"https:\/\/albergueweb1.uva.es\/gir_pangea\/?p=1681","url_meta":{"origin":1075,"position":0},"title":"Campa\u00f1a de investigaci\u00f3n 2020 en cuevas heladas en Picos de Europa","date":"2 julio, 2020","format":false,"excerpt":"La campa\u00f1a de investigaci\u00f3n en cuevas heladas realizada anualmente por el grupo PANGEA en colaboraci\u00f3n con el CES Alfa y AS Charentais, se realizar\u00e1 en la primera quincena de agosto. Los compa\u00f1eros del AS Charentais no se desplazar\u00e1n este a\u00f1o a Picos deEuropa por las condiciones del covid-19. Adem\u00e1s, Las\u2026","rel":"","context":"En \u00abSin categor\u00eda\u00bb","img":{"alt_text":"","src":"https:\/\/i0.wp.com\/albergueweb1.uva.es\/gir_pangea\/wp-content\/uploads\/2020\/07\/cueva.png?fit=1200%2C604&ssl=1&resize=350%2C200","width":350,"height":200},"classes":[]},{"id":1710,"url":"https:\/\/albergueweb1.uva.es\/gir_pangea\/?p=1710","url_meta":{"origin":1075,"position":1},"title":"Finalizada la campa\u00f1a de campo de cuevas heladas en Picos de Europa","date":"26 agosto, 2020","format":false,"excerpt":"Ha finalizado la campa\u00f1a de campo de cuevas heladas en los Picos de Europa, desarrollada entre el uno y el quince de agosto. Este a\u00f1o se han realizado las observaciones sistem\u00e1ticas y el cambio de instrumentaci\u00f3n en las cuevas que monitorizadas desde hace 10 a\u00f1os para el seguimiento endoclim\u00e1tico y\u2026","rel":"","context":"En \u00abSin categor\u00eda\u00bb","img":{"alt_text":"","src":"https:\/\/i0.wp.com\/albergueweb1.uva.es\/gir_pangea\/wp-content\/uploads\/2020\/08\/FOTO_CUEVAS.jpg?fit=936%2C1159&ssl=1&resize=350%2C200","width":350,"height":200},"classes":[]},{"id":1796,"url":"https:\/\/albergueweb1.uva.es\/gir_pangea\/?p=1796","url_meta":{"origin":1075,"position":2},"title":"Libro: \u00abEl Relieve del Parque Nacional Picos de Europa\u00bb","date":"11 junio, 2021","format":false,"excerpt":"Gonz\u00e1lez, J.J., Serrano, E., Gonz\u00e1lez, M., G\u00f3mez Lende, M., Men\u00e9ndez, M. (2017). El relieve del Parque Nacional Picos de Europa. Red de Parques Nacionales, OAPN, Madrid, 398 pp. ISBN:9788480149310. Pr\u00f3logo: Eduardo Mart\u00ednez de Pis\u00f3n. El relieve del Parque Nacional Picos de Europa se escribi\u00f3 con motivo del centenario del Parque\u2026","rel":"","context":"En \u00abSin categor\u00eda\u00bb","img":{"alt_text":"","src":"https:\/\/i0.wp.com\/albergueweb1.uva.es\/gir_pangea\/wp-content\/uploads\/2021\/06\/9788484726548090.jpg?fit=400%2C571&ssl=1&resize=350%2C200","width":350,"height":200},"classes":[]},{"id":913,"url":"https:\/\/albergueweb1.uva.es\/gir_pangea\/?p=913","url_meta":{"origin":1075,"position":3},"title":"Las Cuevas Heladas en Picos de Europa. Tesis doctoral","date":"28 octubre, 2015","format":false,"excerpt":"[DESCARGAR RESUMEN DIVULGATIVO EN PDF]","rel":"","context":"En \u00abSin categor\u00eda\u00bb","img":{"alt_text":"","src":"https:\/\/i0.wp.com\/albergueweb1.uva.es\/gir_pangea\/wp-content\/uploads\/2011\/11\/28-10-2015-11-01-00.png?fit=375%2C611&ssl=1&resize=350%2C200","width":350,"height":200},"classes":[]},{"id":1178,"url":"https:\/\/albergueweb1.uva.es\/gir_pangea\/?p=1178","url_meta":{"origin":1075,"position":4},"title":"As\u00ed fue nuestra campa\u00f1a en las cuevas heladas de Picos de Europa","date":"19 septiembre, 2017","format":"video","excerpt":"","rel":"","context":"En \u00abSin categor\u00eda\u00bb","img":{"alt_text":"","src":"https:\/\/i0.wp.com\/albergueweb1.uva.es\/gir_pangea\/wp-content\/uploads\/2017\/09\/19-09-2017-12-56-50.png?fit=1200%2C747&ssl=1&resize=350%2C200","width":350,"height":200},"classes":[]},{"id":2032,"url":"https:\/\/albergueweb1.uva.es\/gir_pangea\/?p=2032","url_meta":{"origin":1075,"position":5},"title":"Memoria \u00abPicos 23\u00bb","date":"22 enero, 2024","format":false,"excerpt":"Se ha presentado la memoria Picos 2023, el documento que resume la actividad de la campa\u00f1a espeleol\u00f3gica en los Picos de Europa. Este a\u00f1o, organizada por el CES Alfa, han participado cuatro grupos espelol\u00f3gicos, CES Alfa, AS Charentais, Abismo, CEG y el GIR Pangea de la Universidad de Valladolid. En\u2026","rel":"","context":"En \u00abSin categor\u00eda\u00bb","img":{"alt_text":"","src":"https:\/\/i0.wp.com\/albergueweb1.uva.es\/gir_pangea\/wp-content\/uploads\/2024\/01\/picos2023.png?fit=411%2C528&ssl=1&resize=350%2C200","width":350,"height":200},"classes":[]}],"_links":{"self":[{"href":"https:\/\/albergueweb1.uva.es\/gir_pangea\/index.php?rest_route=\/wp\/v2\/posts\/1075"}],"collection":[{"href":"https:\/\/albergueweb1.uva.es\/gir_pangea\/index.php?rest_route=\/wp\/v2\/posts"}],"about":[{"href":"https:\/\/albergueweb1.uva.es\/gir_pangea\/index.php?rest_route=\/wp\/v2\/types\/post"}],"author":[{"embeddable":true,"href":"https:\/\/albergueweb1.uva.es\/gir_pangea\/index.php?rest_route=\/wp\/v2\/users\/1"}],"replies":[{"embeddable":true,"href":"https:\/\/albergueweb1.uva.es\/gir_pangea\/index.php?rest_route=%2Fwp%2Fv2%2Fcomments&post=1075"}],"version-history":[{"count":4,"href":"https:\/\/albergueweb1.uva.es\/gir_pangea\/index.php?rest_route=\/wp\/v2\/posts\/1075\/revisions"}],"predecessor-version":[{"id":1085,"href":"https:\/\/albergueweb1.uva.es\/gir_pangea\/index.php?rest_route=\/wp\/v2\/posts\/1075\/revisions\/1085"}],"wp:featuredmedia":[{"embeddable":true,"href":"https:\/\/albergueweb1.uva.es\/gir_pangea\/index.php?rest_route=\/wp\/v2\/media\/1092"}],"wp:attachment":[{"href":"https:\/\/albergueweb1.uva.es\/gir_pangea\/index.php?rest_route=%2Fwp%2Fv2%2Fmedia&parent=1075"}],"wp:term":[{"taxonomy":"category","embeddable":true,"href":"https:\/\/albergueweb1.uva.es\/gir_pangea\/index.php?rest_route=%2Fwp%2Fv2%2Fcategories&post=1075"},{"taxonomy":"post_tag","embeddable":true,"href":"https:\/\/albergueweb1.uva.es\/gir_pangea\/index.php?rest_route=%2Fwp%2Fv2%2Ftags&post=1075"}],"curies":[{"name":"wp","href":"https:\/\/api.w.org\/{rel}","templated":true}]}}