{"id":1078,"date":"2017-02-07T17:50:11","date_gmt":"2017-02-07T17:50:11","guid":{"rendered":"http:\/\/www5.uva.es\/gir_pangea\/?p=1078"},"modified":"2017-02-08T18:45:44","modified_gmt":"2017-02-08T18:45:44","slug":"incognita-patagonia-y-culturas-matriarcales","status":"publish","type":"post","link":"https:\/\/albergueweb1.uva.es\/gir_pangea\/?p=1078","title":{"rendered":"Inc\u00f3gnita Patagonia"},"content":{"rendered":"<p>&nbsp;<\/p>\n<p>Nuestro compa\u00f1ero Ibai protagoniza el documental Inc\u00f3gnita Patagonia presentado en el festival de Bilbao. Se trata de una<a href=\"http:\/\/www.incognitapatagonia.com\/\"> expedici\u00f3n <\/a>al extremo sur de <a href=\"http:\/\/desnivel.com\/expediciones\/la-expedicion-incognita-patagonia-explora-el-campo-de-hielo-mas-austral-de-tierra-del-fuego\">Tierra de Fuego<\/a> \u00a0que a\u00fana alpinismo de exploraci\u00f3n y ciencia , auspiciada por National Geographic \u00a0y \u00a0protagonizada por el ge\u00f3grafo <a href=\"http:\/\/www5.uva.es\/gir_pangea\/?page_id=322\">Ibai Rico.<\/a> De esta aventura nace el documental \u201cinc\u00f3gnita Patagonia\u201d<a href=\"https:\/\/i0.wp.com\/www5.uva.es\/gir_pangea\/wp-content\/uploads\/2017\/02\/incognita-patagonia.png\"><img data-attachment-id=\"1080\" data-permalink=\"https:\/\/albergueweb1.uva.es\/gir_pangea\/?attachment_id=1080\" data-orig-file=\"https:\/\/i0.wp.com\/albergueweb1.uva.es\/gir_pangea\/wp-content\/uploads\/2017\/02\/incognita-patagonia.png?fit=1015%2C165&amp;ssl=1\" data-orig-size=\"1015,165\" data-comments-opened=\"0\" data-image-meta=\"{&quot;aperture&quot;:&quot;0&quot;,&quot;credit&quot;:&quot;&quot;,&quot;camera&quot;:&quot;&quot;,&quot;caption&quot;:&quot;&quot;,&quot;created_timestamp&quot;:&quot;0&quot;,&quot;copyright&quot;:&quot;&quot;,&quot;focal_length&quot;:&quot;0&quot;,&quot;iso&quot;:&quot;0&quot;,&quot;shutter_speed&quot;:&quot;0&quot;,&quot;title&quot;:&quot;&quot;,&quot;orientation&quot;:&quot;0&quot;}\" data-image-title=\"incognita-patagonia\" data-image-description=\"\" data-image-caption=\"\" data-medium-file=\"https:\/\/i0.wp.com\/albergueweb1.uva.es\/gir_pangea\/wp-content\/uploads\/2017\/02\/incognita-patagonia.png?fit=300%2C49&amp;ssl=1\" data-large-file=\"https:\/\/i0.wp.com\/albergueweb1.uva.es\/gir_pangea\/wp-content\/uploads\/2017\/02\/incognita-patagonia.png?fit=640%2C104&amp;ssl=1\" loading=\"lazy\" class=\"alignleft size-medium wp-image-1080\" src=\"https:\/\/i0.wp.com\/www5.uva.es\/gir_pangea\/wp-content\/uploads\/2017\/02\/incognita-patagonia-300x49.png?resize=300%2C49\" alt=\"incognita-patagonia\" width=\"300\" height=\"49\" srcset=\"https:\/\/i0.wp.com\/albergueweb1.uva.es\/gir_pangea\/wp-content\/uploads\/2017\/02\/incognita-patagonia.png?resize=300%2C49&amp;ssl=1 300w, https:\/\/i0.wp.com\/albergueweb1.uva.es\/gir_pangea\/wp-content\/uploads\/2017\/02\/incognita-patagonia.png?resize=768%2C125&amp;ssl=1 768w, https:\/\/i0.wp.com\/albergueweb1.uva.es\/gir_pangea\/wp-content\/uploads\/2017\/02\/incognita-patagonia.png?w=1015&amp;ssl=1 1015w\" sizes=\"(max-width: 300px) 100vw, 300px\" data-recalc-dims=\"1\" \/><\/a><\/p>\n<p>http:\/\/www.incognitapatagonia.com\/single-post\/2016\/12\/18\/Incognita-Patagonia-film-first-released-at-Bilbao-MFF<\/p>\n","protected":false},"excerpt":{"rendered":"<p>&nbsp; Nuestro compa\u00f1ero Ibai protagoniza el documental Inc\u00f3gnita Patagonia presentado en el festival de Bilbao. Se trata de una expedici\u00f3n al extremo sur de Tierra de Fuego \u00a0que a\u00fana alpinismo de exploraci\u00f3n y ciencia , auspiciada por National Geographic \u00a0y \u00a0protagonizada por el ge\u00f3grafo Ibai Rico. De esta aventura nace el documental \u201cinc\u00f3gnita Patagonia\u201d http:\/\/www.incognitapatagonia.com\/single-post\/2016\/12\/18\/Incognita-Patagonia-film-first-released-at-Bilbao-MFF<\/p>\n","protected":false},"author":1,"featured_media":1079,"comment_status":"closed","ping_status":"open","sticky":false,"template":"","format":"standard","meta":{"jetpack_post_was_ever_published":false,"jetpack_publicize_message":"","jetpack_is_tweetstorm":false,"jetpack_publicize_feature_enabled":true,"jetpack_social_post_already_shared":true,"jetpack_social_options":{"image_generator_settings":{"template":"highway","enabled":false}}},"categories":[1],"tags":[],"jetpack_publicize_connections":[],"jetpack_featured_media_url":"https:\/\/i0.wp.com\/albergueweb1.uva.es\/gir_pangea\/wp-content\/uploads\/2017\/02\/ibai.png?fit=525%2C374&ssl=1","jetpack_sharing_enabled":true,"jetpack_shortlink":"https:\/\/wp.me\/p79crb-ho","jetpack-related-posts":[{"id":1438,"url":"https:\/\/albergueweb1.uva.es\/gir_pangea\/?p=1438","url_meta":{"origin":1078,"position":0},"title":"NUEVO DOCTOR EN PANGEA. IBAI RICO LOZANO","date":"11 abril, 2019","format":false,"excerpt":"El d\u00eda 4 de abril ha le\u00eddo su tesis doctoral titulada \"Los glaciares de los Pirineos. Estudio glaciol\u00f3gico y din\u00e1mica actual en el contexto del Cambio global\",\u00a0 nuestro compa\u00f1ero Ibai Rico Lozano en la Universidad del Pa\u00eds Vasco, en Vitoria. Enhorabuena para Ibai por su doctorado. En el marco del\u2026","rel":"","context":"En \u00abSin categor\u00eda\u00bb","img":{"alt_text":"","src":"https:\/\/i0.wp.com\/albergueweb1.uva.es\/gir_pangea\/wp-content\/uploads\/2019\/04\/IMG-20190408-WA0007.jpg?fit=1200%2C795&ssl=1&resize=350%2C200","width":350,"height":200},"classes":[]},{"id":1363,"url":"https:\/\/albergueweb1.uva.es\/gir_pangea\/?p=1363","url_meta":{"origin":1078,"position":1},"title":"XXXVI Consejo Plenario de la Comunidad de Trabajo de Pirineos (CTP)","date":"19 diciembre, 2018","format":false,"excerpt":"El d\u00eda 12 de noviembre, Observatorio Pirenaico para el cambio Clim\u00e1tico (OPCC) orgraniz\u00f3, en Zaragoza, en el marco del XXXVI Consejo Plenario de la Comunidad de Trabajo de Pirineos (CTP), una jornada-seminario sobre cambio clim\u00e1tico y riesgos naturales en los Pirineos donde se present\u00f3 el \u201cInforme del Cambio Clim\u00e1tico en\u2026","rel":"","context":"En \u00abSin categor\u00eda\u00bb","img":{"alt_text":"","src":"https:\/\/i0.wp.com\/albergueweb1.uva.es\/gir_pangea\/wp-content\/uploads\/2018\/12\/OPCC-Reusmen-ES-V3.indd-001-e1545213105359.jpg?fit=1183%2C1115&ssl=1&resize=350%2C200","width":350,"height":200},"classes":[]},{"id":1649,"url":"https:\/\/albergueweb1.uva.es\/gir_pangea\/?p=1649","url_meta":{"origin":1078,"position":2},"title":"Bolet\u00edn PANGEA, 2019 (vol.9)","date":"1 enero, 2020","format":false,"excerpt":"Consulta el bolet\u00edn completoDescarga Editorial Durante el a\u00f1o 2019 el GIR Pangea ha recogido los frutos de las investigaciones realizadas durante el \u00faltimo quinquenio con la lectura de dos tesis doctorales le\u00eddas por miembros del GIR. Este a\u00f1o han alcanzado el grado de doctor Ibai Rico en la UPV y\u2026","rel":"","context":"En \u00abSin categor\u00eda\u00bb","img":{"alt_text":"","src":"","width":0,"height":0},"classes":[]}],"_links":{"self":[{"href":"https:\/\/albergueweb1.uva.es\/gir_pangea\/index.php?rest_route=\/wp\/v2\/posts\/1078"}],"collection":[{"href":"https:\/\/albergueweb1.uva.es\/gir_pangea\/index.php?rest_route=\/wp\/v2\/posts"}],"about":[{"href":"https:\/\/albergueweb1.uva.es\/gir_pangea\/index.php?rest_route=\/wp\/v2\/types\/post"}],"author":[{"embeddable":true,"href":"https:\/\/albergueweb1.uva.es\/gir_pangea\/index.php?rest_route=\/wp\/v2\/users\/1"}],"replies":[{"embeddable":true,"href":"https:\/\/albergueweb1.uva.es\/gir_pangea\/index.php?rest_route=%2Fwp%2Fv2%2Fcomments&post=1078"}],"version-history":[{"count":2,"href":"https:\/\/albergueweb1.uva.es\/gir_pangea\/index.php?rest_route=\/wp\/v2\/posts\/1078\/revisions"}],"predecessor-version":[{"id":1082,"href":"https:\/\/albergueweb1.uva.es\/gir_pangea\/index.php?rest_route=\/wp\/v2\/posts\/1078\/revisions\/1082"}],"wp:featuredmedia":[{"embeddable":true,"href":"https:\/\/albergueweb1.uva.es\/gir_pangea\/index.php?rest_route=\/wp\/v2\/media\/1079"}],"wp:attachment":[{"href":"https:\/\/albergueweb1.uva.es\/gir_pangea\/index.php?rest_route=%2Fwp%2Fv2%2Fmedia&parent=1078"}],"wp:term":[{"taxonomy":"category","embeddable":true,"href":"https:\/\/albergueweb1.uva.es\/gir_pangea\/index.php?rest_route=%2Fwp%2Fv2%2Fcategories&post=1078"},{"taxonomy":"post_tag","embeddable":true,"href":"https:\/\/albergueweb1.uva.es\/gir_pangea\/index.php?rest_route=%2Fwp%2Fv2%2Ftags&post=1078"}],"curies":[{"name":"wp","href":"https:\/\/api.w.org\/{rel}","templated":true}]}}