{"id":1156,"date":"2017-03-30T09:59:29","date_gmt":"2017-03-30T09:59:29","guid":{"rendered":"http:\/\/www5.uva.es\/gir_pangea\/?p=1156"},"modified":"2017-03-30T10:02:50","modified_gmt":"2017-03-30T10:02:50","slug":"1156","status":"publish","type":"post","link":"https:\/\/albergueweb1.uva.es\/gir_pangea\/?p=1156","title":{"rendered":"International Symposium on the effects of global change"},"content":{"rendered":"<p>Este mes de marzo nuestro compa\u00f1ero del grupo, Alfonso Pisabarro ha participado en el International Symposium on \u00abThe effects of global change on floods, fluvial geomorphology and related hazards in mountainous rivers\u00bb celebrado en la Universidad de Potsdam, donde ha realizado la comunicaci\u00f3n \u00abFluvial geomorphology in abandoned mountain landscapes: Pisuerga headwaters, Spain\u00bb<\/p>\n<p><a href=\"https:\/\/i0.wp.com\/www5.uva.es\/gir_pangea\/wp-content\/uploads\/2017\/03\/foto-comunicacion.png\"><img data-attachment-id=\"1157\" data-permalink=\"https:\/\/albergueweb1.uva.es\/gir_pangea\/?attachment_id=1157\" data-orig-file=\"https:\/\/i0.wp.com\/albergueweb1.uva.es\/gir_pangea\/wp-content\/uploads\/2017\/03\/foto-comunicacion.png?fit=1198%2C847&amp;ssl=1\" data-orig-size=\"1198,847\" data-comments-opened=\"0\" data-image-meta=\"{&quot;aperture&quot;:&quot;0&quot;,&quot;credit&quot;:&quot;&quot;,&quot;camera&quot;:&quot;&quot;,&quot;caption&quot;:&quot;&quot;,&quot;created_timestamp&quot;:&quot;0&quot;,&quot;copyright&quot;:&quot;&quot;,&quot;focal_length&quot;:&quot;0&quot;,&quot;iso&quot;:&quot;0&quot;,&quot;shutter_speed&quot;:&quot;0&quot;,&quot;title&quot;:&quot;&quot;,&quot;orientation&quot;:&quot;0&quot;}\" data-image-title=\"foto comunicacion\" data-image-description=\"\" data-image-caption=\"\" data-medium-file=\"https:\/\/i0.wp.com\/albergueweb1.uva.es\/gir_pangea\/wp-content\/uploads\/2017\/03\/foto-comunicacion.png?fit=300%2C212&amp;ssl=1\" data-large-file=\"https:\/\/i0.wp.com\/albergueweb1.uva.es\/gir_pangea\/wp-content\/uploads\/2017\/03\/foto-comunicacion.png?fit=640%2C453&amp;ssl=1\" loading=\"lazy\" class=\"wp-image-1157 size-medium alignnone\" src=\"https:\/\/i0.wp.com\/www5.uva.es\/gir_pangea\/wp-content\/uploads\/2017\/03\/foto-comunicacion-300x212.png?resize=300%2C212\" alt=\"\" width=\"300\" height=\"212\" srcset=\"https:\/\/i0.wp.com\/albergueweb1.uva.es\/gir_pangea\/wp-content\/uploads\/2017\/03\/foto-comunicacion.png?resize=300%2C212&amp;ssl=1 300w, https:\/\/i0.wp.com\/albergueweb1.uva.es\/gir_pangea\/wp-content\/uploads\/2017\/03\/foto-comunicacion.png?resize=768%2C543&amp;ssl=1 768w, https:\/\/i0.wp.com\/albergueweb1.uva.es\/gir_pangea\/wp-content\/uploads\/2017\/03\/foto-comunicacion.png?resize=1024%2C724&amp;ssl=1 1024w, https:\/\/i0.wp.com\/albergueweb1.uva.es\/gir_pangea\/wp-content\/uploads\/2017\/03\/foto-comunicacion.png?w=1198&amp;ssl=1 1198w\" sizes=\"(max-width: 300px) 100vw, 300px\" data-recalc-dims=\"1\" \/><\/a><\/p>\n","protected":false},"excerpt":{"rendered":"<p>Este mes de marzo nuestro compa\u00f1ero del grupo, Alfonso Pisabarro ha participado en el International Symposium on \u00abThe effects of global change on floods, fluvial geomorphology and related hazards in mountainous rivers\u00bb celebrado en la Universidad de Potsdam, donde ha realizado la comunicaci\u00f3n \u00abFluvial geomorphology in abandoned mountain landscapes: Pisuerga headwaters, Spain\u00bb<\/p>\n","protected":false},"author":1,"featured_media":1158,"comment_status":"closed","ping_status":"open","sticky":false,"template":"","format":"standard","meta":{"jetpack_post_was_ever_published":false,"jetpack_publicize_message":"","jetpack_is_tweetstorm":false,"jetpack_publicize_feature_enabled":true,"jetpack_social_post_already_shared":true,"jetpack_social_options":{"image_generator_settings":{"template":"highway","enabled":false}}},"categories":[1],"tags":[],"jetpack_publicize_connections":[],"jetpack_featured_media_url":"https:\/\/i0.wp.com\/albergueweb1.uva.es\/gir_pangea\/wp-content\/uploads\/2017\/03\/symposium-global-change.png?fit=838%2C328&ssl=1","jetpack_sharing_enabled":true,"jetpack_shortlink":"https:\/\/wp.me\/s79crb-1156","jetpack-related-posts":[{"id":1250,"url":"https:\/\/albergueweb1.uva.es\/gir_pangea\/?p=1250","url_meta":{"origin":1156,"position":0},"title":"Report VIII International Workshop on Ice Caves","date":"25 junio, 2018","format":"gallery","excerpt":"The VIII edition of IWIC held in Potes (Spain)...","rel":"","context":"En \u00abSin categor\u00eda\u00bb","img":{"alt_text":"","src":"https:\/\/i0.wp.com\/albergueweb1.uva.es\/gir_pangea\/wp-content\/uploads\/2018\/06\/Foto-Tanguy.jpg?fit=487%2C274&ssl=1&resize=350%2C200","width":350,"height":200},"classes":[]},{"id":1027,"url":"https:\/\/albergueweb1.uva.es\/gir_pangea\/?p=1027","url_meta":{"origin":1156,"position":1},"title":"ICOP 2016 (International Conference on Permafrost) en Potsdam (Alemania)","date":"1 julio, 2016","format":false,"excerpt":"\u00a0ICOP 2016 (International Conference on Permafrost) en Potsdam (Alemania) Tras la \u00faltima edici\u00f3n en Fairbanks (Alaska) en 2012 se ha celebrado una edici\u00f3n m\u00e1s de la conferencia internacional de permafrost en Potsdam donde varios miembros del grupo han asistido o han estado presentes en diversas comunicaciones. Nos alegra haber podido\u2026","rel":"","context":"En \u00abConferencias\u00bb","img":{"alt_text":"","src":"https:\/\/i0.wp.com\/albergueweb1.uva.es\/gir_pangea\/wp-content\/uploads\/2016\/07\/foto-ICOP.png?fit=425%2C583&ssl=1&resize=350%2C200","width":350,"height":200},"classes":[]},{"id":1781,"url":"https:\/\/albergueweb1.uva.es\/gir_pangea\/?p=1781","url_meta":{"origin":1156,"position":2},"title":"CONGRESO INTERNACIONAL \u00abTRANSFERENCIA DE RESULTADOS DE INVESTIGACI\u00d3N PARA EL DESARROLLO TERRITORIAL SOSTENIBLE\u00bb","date":"27 abril, 2021","format":false,"excerpt":"Instituto Universitario de Investigaci\u00f3n para el Desarrollo Territorial Sostenible (INTERRA) 15-17 de septiembre 2021 (Virtual) La transferencia de los resultados e ideas de la investigaci\u00f3n a la Sociedad es una importante labor que ha cobrado protagonismo desde hace una d\u00e9cada y se est\u00e1 consolidando con los nuevos programas nacionales y\u2026","rel":"","context":"En \u00abSin categor\u00eda\u00bb","img":{"alt_text":"","src":"https:\/\/i0.wp.com\/albergueweb1.uva.es\/gir_pangea\/wp-content\/uploads\/2021\/04\/congreso-caceres.jpg?fit=523%2C778&ssl=1&resize=350%2C200","width":350,"height":200},"classes":[]},{"id":1464,"url":"https:\/\/albergueweb1.uva.es\/gir_pangea\/?p=1464","url_meta":{"origin":1156,"position":3},"title":"NUEVO DOCTOR EN PANGEA. ALFONSO PISABARRO","date":"5 julio, 2019","format":false,"excerpt":"El d\u00eda 3 de julio ha le\u00eddo su tesis doctoral titulada \u00abCambio global y respuestas ambientales en la Monta\u00f1a Cant\u00e1brica: el Alto Pisuerga\u00bb nuestro compa\u00f1ero Alfonso Pisabarro en el Sal\u00f3n de Grados de la Facultad de Filosof\u00eda y Letras de la Universidad de Valladolid. \u00a1Enhorabuena a Alfonso por su doctorado!\u2026","rel":"","context":"En \u00abSin categor\u00eda\u00bb","img":{"alt_text":"","src":"https:\/\/i0.wp.com\/albergueweb1.uva.es\/gir_pangea\/wp-content\/uploads\/2019\/07\/image00006.jpeg?fit=1200%2C900&ssl=1&resize=350%2C200","width":350,"height":200},"classes":[]},{"id":1649,"url":"https:\/\/albergueweb1.uva.es\/gir_pangea\/?p=1649","url_meta":{"origin":1156,"position":4},"title":"Bolet\u00edn PANGEA, 2019 (vol.9)","date":"1 enero, 2020","format":false,"excerpt":"Consulta el bolet\u00edn completoDescarga Editorial Durante el a\u00f1o 2019 el GIR Pangea ha recogido los frutos de las investigaciones realizadas durante el \u00faltimo quinquenio con la lectura de dos tesis doctorales le\u00eddas por miembros del GIR. Este a\u00f1o han alcanzado el grado de doctor Ibai Rico en la UPV y\u2026","rel":"","context":"En \u00abSin categor\u00eda\u00bb","img":{"alt_text":"","src":"","width":0,"height":0},"classes":[]},{"id":1215,"url":"https:\/\/albergueweb1.uva.es\/gir_pangea\/?p=1215","url_meta":{"origin":1156,"position":5},"title":"Best paper award 2016 para uno de nuestros investigadores","date":"17 enero, 2018","format":false,"excerpt":"Nuestro compa\u00f1ero en el GIR PANGEA, Ram\u00f3n Pellitero Ondicol, ha ganado el Best Paper Awards 2016 en la categor\u00eda de Inform\u00e1tica por un art\u00edculo publicado en Computers and Geosciences, la revista oficial de la International Association for Mathematical Geosciences. En un comunicado, la UPV\/EHU, donde es profesor de geograf\u00eda, ha\u2026","rel":"","context":"En \u00abSin categor\u00eda\u00bb","img":{"alt_text":"","src":"https:\/\/i0.wp.com\/www5.uva.es\/gir_pangea\/wp-content\/uploads\/2018\/01\/ramon-pellitero_galeria-1024x675.jpg?resize=350%2C200","width":350,"height":200},"classes":[]}],"_links":{"self":[{"href":"https:\/\/albergueweb1.uva.es\/gir_pangea\/index.php?rest_route=\/wp\/v2\/posts\/1156"}],"collection":[{"href":"https:\/\/albergueweb1.uva.es\/gir_pangea\/index.php?rest_route=\/wp\/v2\/posts"}],"about":[{"href":"https:\/\/albergueweb1.uva.es\/gir_pangea\/index.php?rest_route=\/wp\/v2\/types\/post"}],"author":[{"embeddable":true,"href":"https:\/\/albergueweb1.uva.es\/gir_pangea\/index.php?rest_route=\/wp\/v2\/users\/1"}],"replies":[{"embeddable":true,"href":"https:\/\/albergueweb1.uva.es\/gir_pangea\/index.php?rest_route=%2Fwp%2Fv2%2Fcomments&post=1156"}],"version-history":[{"count":4,"href":"https:\/\/albergueweb1.uva.es\/gir_pangea\/index.php?rest_route=\/wp\/v2\/posts\/1156\/revisions"}],"predecessor-version":[{"id":1162,"href":"https:\/\/albergueweb1.uva.es\/gir_pangea\/index.php?rest_route=\/wp\/v2\/posts\/1156\/revisions\/1162"}],"wp:featuredmedia":[{"embeddable":true,"href":"https:\/\/albergueweb1.uva.es\/gir_pangea\/index.php?rest_route=\/wp\/v2\/media\/1158"}],"wp:attachment":[{"href":"https:\/\/albergueweb1.uva.es\/gir_pangea\/index.php?rest_route=%2Fwp%2Fv2%2Fmedia&parent=1156"}],"wp:term":[{"taxonomy":"category","embeddable":true,"href":"https:\/\/albergueweb1.uva.es\/gir_pangea\/index.php?rest_route=%2Fwp%2Fv2%2Fcategories&post=1156"},{"taxonomy":"post_tag","embeddable":true,"href":"https:\/\/albergueweb1.uva.es\/gir_pangea\/index.php?rest_route=%2Fwp%2Fv2%2Ftags&post=1156"}],"curies":[{"name":"wp","href":"https:\/\/api.w.org\/{rel}","templated":true}]}}