{"id":1164,"date":"2017-06-05T17:59:57","date_gmt":"2017-06-05T17:59:57","guid":{"rendered":"http:\/\/www5.uva.es\/gir_pangea\/?p=1164"},"modified":"2017-11-29T13:59:51","modified_gmt":"2017-11-29T13:59:51","slug":"curso-uimp-glaciares-nieve-y-permafrost-de-montana-la-criosfera-como-indicadora-de-cambios-en-el-clima","status":"publish","type":"post","link":"https:\/\/albergueweb1.uva.es\/gir_pangea\/?p=1164","title":{"rendered":"Curso de Glaciares, Nieve y Permafrost de Monta\u00f1a"},"content":{"rendered":"<div><a href=\"https:\/\/i0.wp.com\/www5.uva.es\/gir_pangea\/wp-content\/uploads\/2017\/06\/uimp1.png\"><img data-attachment-id=\"1167\" data-permalink=\"https:\/\/albergueweb1.uva.es\/gir_pangea\/?attachment_id=1167\" data-orig-file=\"https:\/\/i0.wp.com\/albergueweb1.uva.es\/gir_pangea\/wp-content\/uploads\/2017\/06\/uimp1.png?fit=1242%2C877&amp;ssl=1\" data-orig-size=\"1242,877\" data-comments-opened=\"0\" data-image-meta=\"{&quot;aperture&quot;:&quot;0&quot;,&quot;credit&quot;:&quot;&quot;,&quot;camera&quot;:&quot;&quot;,&quot;caption&quot;:&quot;&quot;,&quot;created_timestamp&quot;:&quot;0&quot;,&quot;copyright&quot;:&quot;&quot;,&quot;focal_length&quot;:&quot;0&quot;,&quot;iso&quot;:&quot;0&quot;,&quot;shutter_speed&quot;:&quot;0&quot;,&quot;title&quot;:&quot;&quot;,&quot;orientation&quot;:&quot;0&quot;}\" data-image-title=\"uimp1\" data-image-description=\"\" data-image-caption=\"\" data-medium-file=\"https:\/\/i0.wp.com\/albergueweb1.uva.es\/gir_pangea\/wp-content\/uploads\/2017\/06\/uimp1.png?fit=300%2C212&amp;ssl=1\" data-large-file=\"https:\/\/i0.wp.com\/albergueweb1.uva.es\/gir_pangea\/wp-content\/uploads\/2017\/06\/uimp1.png?fit=640%2C452&amp;ssl=1\" loading=\"lazy\" class=\"alignleft wp-image-1167 size-full\" src=\"https:\/\/i0.wp.com\/www5.uva.es\/gir_pangea\/wp-content\/uploads\/2017\/06\/uimp1.png?resize=640%2C452\" alt=\"\" width=\"640\" height=\"452\" srcset=\"https:\/\/i0.wp.com\/albergueweb1.uva.es\/gir_pangea\/wp-content\/uploads\/2017\/06\/uimp1.png?w=1242&amp;ssl=1 1242w, https:\/\/i0.wp.com\/albergueweb1.uva.es\/gir_pangea\/wp-content\/uploads\/2017\/06\/uimp1.png?resize=300%2C212&amp;ssl=1 300w, https:\/\/i0.wp.com\/albergueweb1.uva.es\/gir_pangea\/wp-content\/uploads\/2017\/06\/uimp1.png?resize=768%2C542&amp;ssl=1 768w, https:\/\/i0.wp.com\/albergueweb1.uva.es\/gir_pangea\/wp-content\/uploads\/2017\/06\/uimp1.png?resize=1024%2C723&amp;ssl=1 1024w\" sizes=\"(max-width: 640px) 100vw, 640px\" data-recalc-dims=\"1\" \/><\/a><a href=\"https:\/\/i0.wp.com\/www5.uva.es\/gir_pangea\/wp-content\/uploads\/2017\/06\/glaciares2-1.png\"><img data-attachment-id=\"1174\" data-permalink=\"https:\/\/albergueweb1.uva.es\/gir_pangea\/?attachment_id=1174\" data-orig-file=\"https:\/\/i0.wp.com\/albergueweb1.uva.es\/gir_pangea\/wp-content\/uploads\/2017\/06\/glaciares2-1.png?fit=1244%2C879&amp;ssl=1\" data-orig-size=\"1244,879\" data-comments-opened=\"0\" data-image-meta=\"{&quot;aperture&quot;:&quot;0&quot;,&quot;credit&quot;:&quot;&quot;,&quot;camera&quot;:&quot;&quot;,&quot;caption&quot;:&quot;&quot;,&quot;created_timestamp&quot;:&quot;0&quot;,&quot;copyright&quot;:&quot;&quot;,&quot;focal_length&quot;:&quot;0&quot;,&quot;iso&quot;:&quot;0&quot;,&quot;shutter_speed&quot;:&quot;0&quot;,&quot;title&quot;:&quot;&quot;,&quot;orientation&quot;:&quot;0&quot;}\" data-image-title=\"glaciares2\" data-image-description=\"\" data-image-caption=\"\" data-medium-file=\"https:\/\/i0.wp.com\/albergueweb1.uva.es\/gir_pangea\/wp-content\/uploads\/2017\/06\/glaciares2-1.png?fit=300%2C212&amp;ssl=1\" data-large-file=\"https:\/\/i0.wp.com\/albergueweb1.uva.es\/gir_pangea\/wp-content\/uploads\/2017\/06\/glaciares2-1.png?fit=640%2C453&amp;ssl=1\" loading=\"lazy\" class=\"alignleft wp-image-1174 size-large\" src=\"https:\/\/i0.wp.com\/www5.uva.es\/gir_pangea\/wp-content\/uploads\/2017\/06\/glaciares2-1-1024x724.png?resize=474%2C335\" alt=\"\" width=\"474\" height=\"335\" srcset=\"https:\/\/i0.wp.com\/albergueweb1.uva.es\/gir_pangea\/wp-content\/uploads\/2017\/06\/glaciares2-1.png?resize=1024%2C724&amp;ssl=1 1024w, https:\/\/i0.wp.com\/albergueweb1.uva.es\/gir_pangea\/wp-content\/uploads\/2017\/06\/glaciares2-1.png?resize=300%2C212&amp;ssl=1 300w, https:\/\/i0.wp.com\/albergueweb1.uva.es\/gir_pangea\/wp-content\/uploads\/2017\/06\/glaciares2-1.png?resize=768%2C543&amp;ssl=1 768w, https:\/\/i0.wp.com\/albergueweb1.uva.es\/gir_pangea\/wp-content\/uploads\/2017\/06\/glaciares2-1.png?w=1244&amp;ssl=1 1244w\" sizes=\"(max-width: 474px) 100vw, 474px\" data-recalc-dims=\"1\" \/><\/a><\/div>\n","protected":false},"excerpt":{"rendered":"","protected":false},"author":1,"featured_media":1165,"comment_status":"closed","ping_status":"open","sticky":false,"template":"","format":"standard","meta":{"jetpack_post_was_ever_published":false,"jetpack_publicize_message":"","jetpack_is_tweetstorm":false,"jetpack_publicize_feature_enabled":true,"jetpack_social_post_already_shared":true,"jetpack_social_options":{"image_generator_settings":{"template":"highway","enabled":false}}},"categories":[1],"tags":[],"jetpack_publicize_connections":[],"jetpack_featured_media_url":"https:\/\/i0.wp.com\/albergueweb1.uva.es\/gir_pangea\/wp-content\/uploads\/2017\/06\/CABECERA.png?fit=366%2C766&ssl=1","jetpack_sharing_enabled":true,"jetpack_shortlink":"https:\/\/wp.me\/p79crb-iM","jetpack-related-posts":[{"id":2078,"url":"https:\/\/albergueweb1.uva.es\/gir_pangea\/?p=2078","url_meta":{"origin":1164,"position":0},"title":"Foro Internacional Agua y Territorios Andinos. Oportunidades y desaf\u00edos para la gesti\u00f3n de recursos h\u00eddricos.","date":"7 octubre, 2024","format":false,"excerpt":"El 16 de julio de 2024 se celebr\u00f3 en Tacna (Per\u00fa) el Foro Internacional Agua y Territorios Andinos. Oportunidades y desaf\u00edos para la gesti\u00f3n de recursos h\u00eddricos en el departamento de Tacna, organizado por AEDES y desarrollado en el Auditorio Principal del Gobierno Regional de Tacna. En el foro se\u2026","rel":"","context":"En \u00abSin categor\u00eda\u00bb","img":{"alt_text":"","src":"https:\/\/i0.wp.com\/albergueweb1.uva.es\/gir_pangea\/wp-content\/uploads\/2024\/10\/foto2.jpg?resize=350%2C200&ssl=1","width":350,"height":200},"classes":[]},{"id":1438,"url":"https:\/\/albergueweb1.uva.es\/gir_pangea\/?p=1438","url_meta":{"origin":1164,"position":1},"title":"NUEVO DOCTOR EN PANGEA. IBAI RICO LOZANO","date":"11 abril, 2019","format":false,"excerpt":"El d\u00eda 4 de abril ha le\u00eddo su tesis doctoral titulada \"Los glaciares de los Pirineos. Estudio glaciol\u00f3gico y din\u00e1mica actual en el contexto del Cambio global\",\u00a0 nuestro compa\u00f1ero Ibai Rico Lozano en la Universidad del Pa\u00eds Vasco, en Vitoria. Enhorabuena para Ibai por su doctorado. En el marco del\u2026","rel":"","context":"En \u00abSin categor\u00eda\u00bb","img":{"alt_text":"","src":"https:\/\/i0.wp.com\/albergueweb1.uva.es\/gir_pangea\/wp-content\/uploads\/2019\/04\/IMG-20190408-WA0007.jpg?fit=1200%2C795&ssl=1&resize=350%2C200","width":350,"height":200},"classes":[]},{"id":1363,"url":"https:\/\/albergueweb1.uva.es\/gir_pangea\/?p=1363","url_meta":{"origin":1164,"position":2},"title":"XXXVI Consejo Plenario de la Comunidad de Trabajo de Pirineos (CTP)","date":"19 diciembre, 2018","format":false,"excerpt":"El d\u00eda 12 de noviembre, Observatorio Pirenaico para el cambio Clim\u00e1tico (OPCC) orgraniz\u00f3, en Zaragoza, en el marco del XXXVI Consejo Plenario de la Comunidad de Trabajo de Pirineos (CTP), una jornada-seminario sobre cambio clim\u00e1tico y riesgos naturales en los Pirineos donde se present\u00f3 el \u201cInforme del Cambio Clim\u00e1tico en\u2026","rel":"","context":"En \u00abSin categor\u00eda\u00bb","img":{"alt_text":"","src":"https:\/\/i0.wp.com\/albergueweb1.uva.es\/gir_pangea\/wp-content\/uploads\/2018\/12\/OPCC-Reusmen-ES-V3.indd-001-e1545213105359.jpg?fit=1183%2C1115&ssl=1&resize=350%2C200","width":350,"height":200},"classes":[]},{"id":1671,"url":"https:\/\/albergueweb1.uva.es\/gir_pangea\/?p=1671","url_meta":{"origin":1164,"position":3},"title":"Curso: \u00abEl estudio de los glaciares como indicadores de cambio clim\u00e1tico\u00bb","date":"1 julio, 2020","format":false,"excerpt":"El GIR PANGEA participar\u00e1 en el curso de la Universidad de Zaragoza titulado: \"El estudio de los glaciares como indicadores de cambio clim\u00e1tico\". Enrique Serrano participar\u00e1 como ponente en el curso que tendr\u00e1 lugar del 20 al 23 de julio de 2020. de forma presencial. La direcci\u00f3n del curso ser\u00e1\u2026","rel":"","context":"En \u00abSin categor\u00eda\u00bb","img":{"alt_text":"","src":"","width":0,"height":0},"classes":[]},{"id":787,"url":"https:\/\/albergueweb1.uva.es\/gir_pangea\/?p=787","url_meta":{"origin":1164,"position":4},"title":"Curso \u00abFr\u00edo Extremo. De Iberia a los Polos y Marte\u00bb","date":"18 marzo, 2015","format":false,"excerpt":"El centro Buend\u00eda y la Universidad de Valladolid organizan en colaboraci\u00f3n con el Grupo de Investigaci\u00f3n PANGEA e IPA (Espa\u00f1a) durante el 18,19 y 20 de mayo de 2015 el curso titulad: \"Fr\u00edo Extremo. De Iberia a los Polos y Marte. Ciencia e investigaci\u00f3n en torno al permafrost\" Para conocer\u2026","rel":"","context":"En \u00abSin categor\u00eda\u00bb","img":{"alt_text":"","src":"https:\/\/i0.wp.com\/www5.uva.es\/gir_pangea\/wp-content\/uploads\/2015\/03\/programa-1.png?resize=350%2C200","width":350,"height":200},"classes":[]},{"id":2053,"url":"https:\/\/albergueweb1.uva.es\/gir_pangea\/?p=2053","url_meta":{"origin":1164,"position":5},"title":"Libro \u201cGLACIARES. CULTURA Y PATRIMONIO. LA HUELLA CULTURAL DE LOS GLACIARES PIRENAICOS\u201d, de Enrique Serrano Ca\u00f1adas","date":"6 marzo, 2024","format":false,"excerpt":"El libro de Enrique Serrano trata de la cultura generada en torno a los glaciares pirenaicos y tiene inter\u00e9s para ge\u00f3grafos, ge\u00f3logos, naturalistas, antrop\u00f3logos, monta\u00f1eros, excursionistas y todo aquel que se interese por la cultura de esta magn\u00edfica y bella cordillera que son los Pirineos. J.M Garc\u00eda Ruiz ha se\u00f1alado\u2026","rel":"","context":"En \u00abSin categor\u00eda\u00bb","img":{"alt_text":"","src":"https:\/\/i0.wp.com\/albergueweb1.uva.es\/gir_pangea\/wp-content\/uploads\/2024\/03\/Portada-Glaciares-scaled.jpg?fit=855%2C1200&ssl=1&resize=350%2C200","width":350,"height":200},"classes":[]}],"_links":{"self":[{"href":"https:\/\/albergueweb1.uva.es\/gir_pangea\/index.php?rest_route=\/wp\/v2\/posts\/1164"}],"collection":[{"href":"https:\/\/albergueweb1.uva.es\/gir_pangea\/index.php?rest_route=\/wp\/v2\/posts"}],"about":[{"href":"https:\/\/albergueweb1.uva.es\/gir_pangea\/index.php?rest_route=\/wp\/v2\/types\/post"}],"author":[{"embeddable":true,"href":"https:\/\/albergueweb1.uva.es\/gir_pangea\/index.php?rest_route=\/wp\/v2\/users\/1"}],"replies":[{"embeddable":true,"href":"https:\/\/albergueweb1.uva.es\/gir_pangea\/index.php?rest_route=%2Fwp%2Fv2%2Fcomments&post=1164"}],"version-history":[{"count":4,"href":"https:\/\/albergueweb1.uva.es\/gir_pangea\/index.php?rest_route=\/wp\/v2\/posts\/1164\/revisions"}],"predecessor-version":[{"id":1196,"href":"https:\/\/albergueweb1.uva.es\/gir_pangea\/index.php?rest_route=\/wp\/v2\/posts\/1164\/revisions\/1196"}],"wp:featuredmedia":[{"embeddable":true,"href":"https:\/\/albergueweb1.uva.es\/gir_pangea\/index.php?rest_route=\/wp\/v2\/media\/1165"}],"wp:attachment":[{"href":"https:\/\/albergueweb1.uva.es\/gir_pangea\/index.php?rest_route=%2Fwp%2Fv2%2Fmedia&parent=1164"}],"wp:term":[{"taxonomy":"category","embeddable":true,"href":"https:\/\/albergueweb1.uva.es\/gir_pangea\/index.php?rest_route=%2Fwp%2Fv2%2Fcategories&post=1164"},{"taxonomy":"post_tag","embeddable":true,"href":"https:\/\/albergueweb1.uva.es\/gir_pangea\/index.php?rest_route=%2Fwp%2Fv2%2Ftags&post=1164"}],"curies":[{"name":"wp","href":"https:\/\/api.w.org\/{rel}","templated":true}]}}