{"id":468,"date":"2012-04-20T17:51:01","date_gmt":"2012-04-20T17:51:01","guid":{"rendered":"http:\/\/www5.uva.es\/gir_pangea\/?p=468"},"modified":"2012-05-09T11:42:15","modified_gmt":"2012-05-09T11:42:15","slug":"reunion-de-trabajo-geodiversidad-concepto-diferenciacion-calculo-de-indices-y-problematica","status":"publish","type":"post","link":"https:\/\/albergueweb1.uva.es\/gir_pangea\/?p=468","title":{"rendered":"Reuni\u00f3n de trabajo \u00abGeodiversidad: concepto, diferenciaci\u00f3n, c\u00e1lculo de \u00edndices y problem\u00e1tica\u00bb"},"content":{"rendered":"<p><a href=\"https:\/\/i0.wp.com\/www5.uva.es\/gir_pangea\/wp-content\/uploads\/2012\/04\/IMG_6433.jpg\"><img data-attachment-id=\"488\" data-permalink=\"https:\/\/albergueweb1.uva.es\/gir_pangea\/?attachment_id=488\" data-orig-file=\"https:\/\/i0.wp.com\/albergueweb1.uva.es\/gir_pangea\/wp-content\/uploads\/2012\/04\/IMG_6433.jpg?fit=448%2C336&amp;ssl=1\" data-orig-size=\"448,336\" data-comments-opened=\"0\" data-image-meta=\"{&quot;aperture&quot;:&quot;2.7&quot;,&quot;credit&quot;:&quot;&quot;,&quot;camera&quot;:&quot;Canon PowerShot S3 IS&quot;,&quot;caption&quot;:&quot;&quot;,&quot;created_timestamp&quot;:&quot;1329214999&quot;,&quot;copyright&quot;:&quot;&quot;,&quot;focal_length&quot;:&quot;6&quot;,&quot;iso&quot;:&quot;0&quot;,&quot;shutter_speed&quot;:&quot;0.016666666666667&quot;,&quot;title&quot;:&quot;&quot;}\" data-image-title=\"IMG_6433\" data-image-description=\"\" data-image-caption=\"\" data-medium-file=\"https:\/\/i0.wp.com\/albergueweb1.uva.es\/gir_pangea\/wp-content\/uploads\/2012\/04\/IMG_6433.jpg?fit=300%2C224&amp;ssl=1\" data-large-file=\"https:\/\/i0.wp.com\/albergueweb1.uva.es\/gir_pangea\/wp-content\/uploads\/2012\/04\/IMG_6433.jpg?fit=448%2C336&amp;ssl=1\" loading=\"lazy\" src=\"https:\/\/i0.wp.com\/www5.uva.es\/gir_pangea\/wp-content\/uploads\/2012\/04\/IMG_6433-300x224.jpg?resize=300%2C224\" alt=\"\" width=\"300\" height=\"224\" class=\"alignnone size-medium wp-image-488\" srcset=\"https:\/\/i0.wp.com\/albergueweb1.uva.es\/gir_pangea\/wp-content\/uploads\/2012\/04\/IMG_6433.jpg?resize=300%2C224&amp;ssl=1 300w, https:\/\/i0.wp.com\/albergueweb1.uva.es\/gir_pangea\/wp-content\/uploads\/2012\/04\/IMG_6433.jpg?w=448&amp;ssl=1 448w\" sizes=\"(max-width: 300px) 100vw, 300px\" data-recalc-dims=\"1\" \/><\/a><\/p>\n<p>El 14 de febrero de 2012 tuvo lugar en la Sala de Juntas de la Facultad de Filosof\u00eda y Letras de la Universidad de Valladolid una reuni\u00f3n de trabajo con el objeto de intercambiar m\u00e9todos, ideas y problemas comunes en el c\u00e1lculo de la geodiversidad.<br \/>\nEn la reuni\u00f3n expusieron sus puntos de vista:<\/p>\n<p><strong>Fernando C\u00e9sar Manosso<\/strong>. Ge\u00f3grafo. Profesor en la Universidade Tecnol\u00f3gica Federal do Paran\u00e1, Campus Francisco Beltr\u00e3o (Brasil).<\/p>\n<p><strong>Jo\u00e3o Paulo Forte<\/strong>. Ge\u00f3grafo. Doctorando en la Universidade do Minho, Braga (Portugal).<\/p>\n<p><strong>Ram\u00f3n Pellitero Ondicol<\/strong>. Ge\u00f3grafo. Doctorando en la Universidad de Valladolid.<\/p>\n<p>Tambi\u00e9n acudieron los\u00a0profesores del departamento de Geograf\u00eda de la Universidad de Valladolid <strong>Alipio Garc\u00eda de Celis<\/strong>, <strong>Purificaci\u00f3n Ruiz<\/strong> y <strong>Enrique Serrano <\/strong>. Adem\u00e1s estuvo presente <strong>Pablo Arroyo Garc\u00eda<\/strong>, ge\u00f3grafo y consultor GIS con experiencia en la Evaluaci\u00f3n Ambiental de Planes y Programas. Despu\u00e9s de una corta presentaci\u00f3n en la que cada uno hablamos de nuestro caso de estudio se abri\u00f3 un debate, del que surgieron las siguientes conclusiones:<\/p>\n<p><strong>1.<\/strong> Geodiversidad y Patrimonio Geol\u00f3gico y Geomorfol\u00f3gico no son sin\u00f3nimos.<\/p>\n<p>\u00a0<strong>2.<\/strong> El estudio de Geodiversidad ha de estar orientado a la gesti\u00f3n, en especial a la proposici\u00f3n de lugares sobresalientes en cuanto a Geodiversidad en un territorio y a la protecci\u00f3n de la variedad del medio abi\u00f3tico en la Gesti\u00f3n Ambiental.<\/p>\n<p>\u00a0<strong>3.<\/strong> La cartograf\u00eda, como herramienta de gesti\u00f3n, es una aportaci\u00f3n fundamental. Se trata del puente entre un estudio b\u00e1sico (punto de vista cient\u00edfico) y el gestor del territorio.<\/p>\n<p>\u00a0<strong>4.<\/strong> La comparaci\u00f3n de \u00e1reas distintas s\u00f3lo puede hacerse a la misma escala. Es importante desarrollar clasificaciones adaptadas a dichas escalas.<\/p>\n<p>\u00a0<strong>5.<\/strong> El c\u00e1lculo de geodiversidad se entiende como variedad (riqueza de elementos). La distribuci\u00f3n de los elementos pierde su sentido cuando evaluamos \u00e1reas iguales en extensi\u00f3n.<\/p>\n<p><strong>6.<\/strong> La cuantificaci\u00f3n de factores o elementos indirectos es interesante cuando trabajamos a escalas regionales, sin posibilidad de realizar un trabajo de campo exhaustivo.<\/p>\n<p>\u00a0<strong>7.<\/strong> Es necesario conceptualizar desde el punto de vista cient\u00edfico algunos elementos que componen el estudio de la geodiversidad.<\/p>\n<p>\u00a0<strong>8.<\/strong> Hay que desarrollar trabajos en distintas escalas para abordar m\u00e1s problemas y soluciones.<\/p>\n<p>Estas conclusiones van a guiar nuestra futura investigaci\u00f3n en cuanto a la evaluaci\u00f3n de Geodiversidad, por lo cual agradecemos la presencia a todos los asistentes.<\/p>\n","protected":false},"excerpt":{"rendered":"<p>El 14 de febrero de 2012 tuvo lugar en la Sala de Juntas de la Facultad de Filosof\u00eda y Letras de la Universidad de Valladolid una reuni\u00f3n de trabajo con el objeto de intercambiar m\u00e9todos, ideas y problemas comunes en el c\u00e1lculo de la geodiversidad. En la reuni\u00f3n expusieron sus puntos de vista: Fernando C\u00e9sar [&hellip;]<\/p>\n","protected":false},"author":2,"featured_media":0,"comment_status":"closed","ping_status":"open","sticky":false,"template":"","format":"standard","meta":{"jetpack_post_was_ever_published":false,"jetpack_publicize_message":"","jetpack_is_tweetstorm":false,"jetpack_publicize_feature_enabled":true,"jetpack_social_post_already_shared":false,"jetpack_social_options":{"image_generator_settings":{"template":"highway","enabled":false}}},"categories":[5],"tags":[],"jetpack_publicize_connections":[],"jetpack_featured_media_url":"","jetpack_sharing_enabled":true,"jetpack_shortlink":"https:\/\/wp.me\/p79crb-7y","jetpack-related-posts":[{"id":1762,"url":"https:\/\/albergueweb1.uva.es\/gir_pangea\/?p=1762","url_meta":{"origin":468,"position":0},"title":"PATRIMONIO NATURAL Y GEOMORFOLOG\u00cdA.  LOS LUGARES DE INTER\u00c9S GEOMORFOL\u00d3GICO DEL PARQUE NATURAL DEL CA\u00d1\u00d3N DEL R\u00cdO LOBOS","date":"4 marzo, 2021","format":false,"excerpt":"Tres miembros del GIR Pangea han publicado un libro en Ediciones Universidad de Valladolid sobre El Ca\u00f1\u00f3n del R\u00edo Lobos y su patrimonio natural. Serrano, Enrique;\u00a0 Gonz\u00e1lez Amuchastegui, Mar\u00eda Jos\u00e9; Ruiz Pedrosa, Rosa. (2020). PATRIMONIO NATURAL Y GEOMORFOLOG\u00cdA. LOS LUGARES DE INTER\u00c9S GEOMORFOL\u00d3GICO DEL PARQUE NATURAL DEL CA\u00d1\u00d3N DEL R\u00cdO\u2026","rel":"","context":"En \u00abSin categor\u00eda\u00bb","img":{"alt_text":"","src":"https:\/\/i0.wp.com\/albergueweb1.uva.es\/gir_pangea\/wp-content\/uploads\/2021\/03\/Imagen1.jpg?fit=529%2C754&ssl=1&resize=350%2C200","width":350,"height":200},"classes":[]},{"id":399,"url":"https:\/\/albergueweb1.uva.es\/gir_pangea\/?p=399","url_meta":{"origin":468,"position":1},"title":"Historia de la Exploraci\u00f3n Polar. Centenario de AMUNDSEN-SCOTT en el Polo Sur 1911-1912.","date":"16 enero, 2012","format":false,"excerpt":"HACIA EL SUR: MAPAS, BARCOS Y EXPLORADORES UN SIGLO DE EXPLORACIONES EN LA ANT\u00c1RTIDA Enrique Serrano Departamento de Geograf\u00eda Universidad de Valladolid 17, 00 h. LA EPOPEYA POLAR CONTEMPOR\u00c1NEA: EXPLORACI\u00d3N, DEPORTE Y CIENCIA Ra\u00fal Mart\u00edn Departament of Science St. Louis University 18,30 h MARTES, 17 DE ENERO 2012, 17,00 horas\u2026","rel":"","context":"En \u00abConferencias\u00bb","img":{"alt_text":"","src":"https:\/\/i0.wp.com\/www5.uva.es\/gir_pangea\/wp-content\/uploads\/2012\/01\/cartel2012Valladolid2-225x300.png?resize=350%2C200","width":350,"height":200},"classes":[]},{"id":1456,"url":"https:\/\/albergueweb1.uva.es\/gir_pangea\/?p=1456","url_meta":{"origin":468,"position":2},"title":"Defensa de Tesis Doctoral &#8211; Alfonso Pisabarro","date":"1 julio, 2019","format":false,"excerpt":"El pr\u00f3ximo mi\u00e9rcoles 3 de julio, nuestro compa\u00f1ero, Alfonso Pisabarro, defender\u00e1 su tesis doctoral \"Cambio global y respuestas ambientales en la Monta\u00f1a Cant\u00e1brica: el Alto Pisuerga\". La defensa tendr\u00e1 lugar a las 11:00h en el Sal\u00f3n de Grados de la Facultad de Filosof\u00eda y Letras, Universidad de Valladolid. Cualquier persona\u2026","rel":"","context":"En \u00abSin categor\u00eda\u00bb","img":{"alt_text":"","src":"https:\/\/i0.wp.com\/albergueweb1.uva.es\/gir_pangea\/wp-content\/uploads\/2019\/07\/IMG-20190701-WA0000-e1562000676194.jpg?fit=576%2C559&ssl=1&resize=350%2C200","width":350,"height":200},"classes":[]},{"id":1799,"url":"https:\/\/albergueweb1.uva.es\/gir_pangea\/?p=1799","url_meta":{"origin":468,"position":3},"title":"Tesis doctoral \u201cProtecci\u00f3n y gesti\u00f3n de rutas patrimoniales. Propuestas para la \u201cRuta de la Seda: red viaria del corredor Chang\u00b4an-Tianshan\u201d, presentada por Sijia Huo.","date":"11 junio, 2021","format":false,"excerpt":"El 3 de junio se ha le\u00eddo en el departamento de geograf\u00eda de la Universidad de Valladolid y en el marco del GIR Pangea (UVa), la tesis doctoral \u201cProtecci\u00f3n y gesti\u00f3n de rutas patrimoniales. Propuestas para la \u201cRuta de la Seda: red viaria del corredor Chang\u00b4an-Tianshan\u201d, presentada por Sijia Huo.\u2026","rel":"","context":"En \u00abSin categor\u00eda\u00bb","img":{"alt_text":"","src":"https:\/\/i0.wp.com\/albergueweb1.uva.es\/gir_pangea\/wp-content\/uploads\/2021\/06\/Imagen1.jpg?fit=532%2C261&ssl=1&resize=350%2C200","width":350,"height":200},"classes":[]},{"id":1850,"url":"https:\/\/albergueweb1.uva.es\/gir_pangea\/?p=1850","url_meta":{"origin":468,"position":4},"title":"Nuevo d\u00eda de la Geodiversidad: 6 de octubre","date":"25 noviembre, 2021","format":false,"excerpt":"El pasado 23 de noviembre fue aprobado en la 41\u00aa sesi\u00f3n de la Conferencia General de la UNESCO el D\u00eda Internacional de la Geodiversidad. A partir de ahora, el 6 de octubre ser\u00e1 una celebraci\u00f3n mundial anual que sensibilizar\u00e1 a la sociedad sobre la importancia de la naturaleza no viviente\u2026","rel":"","context":"En \u00abSin categor\u00eda\u00bb","img":{"alt_text":"","src":"https:\/\/i0.wp.com\/albergueweb1.uva.es\/gir_pangea\/wp-content\/uploads\/2021\/11\/image004.jpg?fit=915%2C559&ssl=1&resize=350%2C200","width":350,"height":200},"classes":[]},{"id":1464,"url":"https:\/\/albergueweb1.uva.es\/gir_pangea\/?p=1464","url_meta":{"origin":468,"position":5},"title":"NUEVO DOCTOR EN PANGEA. ALFONSO PISABARRO","date":"5 julio, 2019","format":false,"excerpt":"El d\u00eda 3 de julio ha le\u00eddo su tesis doctoral titulada \u00abCambio global y respuestas ambientales en la Monta\u00f1a Cant\u00e1brica: el Alto Pisuerga\u00bb nuestro compa\u00f1ero Alfonso Pisabarro en el Sal\u00f3n de Grados de la Facultad de Filosof\u00eda y Letras de la Universidad de Valladolid. \u00a1Enhorabuena a Alfonso por su doctorado!\u2026","rel":"","context":"En \u00abSin categor\u00eda\u00bb","img":{"alt_text":"","src":"https:\/\/i0.wp.com\/albergueweb1.uva.es\/gir_pangea\/wp-content\/uploads\/2019\/07\/image00006.jpeg?fit=1200%2C900&ssl=1&resize=350%2C200","width":350,"height":200},"classes":[]}],"_links":{"self":[{"href":"https:\/\/albergueweb1.uva.es\/gir_pangea\/index.php?rest_route=\/wp\/v2\/posts\/468"}],"collection":[{"href":"https:\/\/albergueweb1.uva.es\/gir_pangea\/index.php?rest_route=\/wp\/v2\/posts"}],"about":[{"href":"https:\/\/albergueweb1.uva.es\/gir_pangea\/index.php?rest_route=\/wp\/v2\/types\/post"}],"author":[{"embeddable":true,"href":"https:\/\/albergueweb1.uva.es\/gir_pangea\/index.php?rest_route=\/wp\/v2\/users\/2"}],"replies":[{"embeddable":true,"href":"https:\/\/albergueweb1.uva.es\/gir_pangea\/index.php?rest_route=%2Fwp%2Fv2%2Fcomments&post=468"}],"version-history":[{"count":11,"href":"https:\/\/albergueweb1.uva.es\/gir_pangea\/index.php?rest_route=\/wp\/v2\/posts\/468\/revisions"}],"predecessor-version":[{"id":484,"href":"https:\/\/albergueweb1.uva.es\/gir_pangea\/index.php?rest_route=\/wp\/v2\/posts\/468\/revisions\/484"}],"wp:attachment":[{"href":"https:\/\/albergueweb1.uva.es\/gir_pangea\/index.php?rest_route=%2Fwp%2Fv2%2Fmedia&parent=468"}],"wp:term":[{"taxonomy":"category","embeddable":true,"href":"https:\/\/albergueweb1.uva.es\/gir_pangea\/index.php?rest_route=%2Fwp%2Fv2%2Fcategories&post=468"},{"taxonomy":"post_tag","embeddable":true,"href":"https:\/\/albergueweb1.uva.es\/gir_pangea\/index.php?rest_route=%2Fwp%2Fv2%2Ftags&post=468"}],"curies":[{"name":"wp","href":"https:\/\/api.w.org\/{rel}","templated":true}]}}