{"id":787,"date":"2015-03-18T17:55:17","date_gmt":"2015-03-18T17:55:17","guid":{"rendered":"http:\/\/www5.uva.es\/gir_pangea\/?p=787"},"modified":"2017-02-08T18:23:34","modified_gmt":"2017-02-08T18:23:34","slug":"curso-frio-extremo-de-iberia-a-los-polos-y-marte","status":"publish","type":"post","link":"https:\/\/albergueweb1.uva.es\/gir_pangea\/?p=787","title":{"rendered":"Curso \u00abFr\u00edo Extremo. De Iberia a los Polos y Marte\u00bb"},"content":{"rendered":"<p><a href=\"https:\/\/i0.wp.com\/www5.uva.es\/gir_pangea\/wp-content\/uploads\/2015\/03\/Curso-Permafrost.png\"><img data-attachment-id=\"788\" data-permalink=\"https:\/\/albergueweb1.uva.es\/gir_pangea\/?attachment_id=788\" data-orig-file=\"https:\/\/i0.wp.com\/albergueweb1.uva.es\/gir_pangea\/wp-content\/uploads\/2015\/03\/Curso-Permafrost.png?fit=251%2C715&amp;ssl=1\" data-orig-size=\"251,715\" data-comments-opened=\"0\" data-image-meta=\"{&quot;aperture&quot;:&quot;0&quot;,&quot;credit&quot;:&quot;&quot;,&quot;camera&quot;:&quot;&quot;,&quot;caption&quot;:&quot;&quot;,&quot;created_timestamp&quot;:&quot;0&quot;,&quot;copyright&quot;:&quot;&quot;,&quot;focal_length&quot;:&quot;0&quot;,&quot;iso&quot;:&quot;0&quot;,&quot;shutter_speed&quot;:&quot;0&quot;,&quot;title&quot;:&quot;&quot;}\" data-image-title=\"Curso Permafrost\" data-image-description=\"\" data-image-caption=\"\" data-medium-file=\"https:\/\/i0.wp.com\/albergueweb1.uva.es\/gir_pangea\/wp-content\/uploads\/2015\/03\/Curso-Permafrost.png?fit=105%2C300&amp;ssl=1\" data-large-file=\"https:\/\/i0.wp.com\/albergueweb1.uva.es\/gir_pangea\/wp-content\/uploads\/2015\/03\/Curso-Permafrost.png?fit=251%2C715&amp;ssl=1\" loading=\"lazy\" class=\"alignleft size-full wp-image-788\" title=\"Curso Permafrost\" src=\"https:\/\/i0.wp.com\/www5.uva.es\/gir_pangea\/wp-content\/uploads\/2015\/03\/Curso-Permafrost.png?resize=251%2C715\" alt=\"\" width=\"251\" height=\"715\" srcset=\"https:\/\/i0.wp.com\/albergueweb1.uva.es\/gir_pangea\/wp-content\/uploads\/2015\/03\/Curso-Permafrost.png?w=251&amp;ssl=1 251w, https:\/\/i0.wp.com\/albergueweb1.uva.es\/gir_pangea\/wp-content\/uploads\/2015\/03\/Curso-Permafrost.png?resize=105%2C300&amp;ssl=1 105w\" sizes=\"(max-width: 251px) 100vw, 251px\" data-recalc-dims=\"1\" \/><\/a><\/p>\n<p>El centro Buend\u00eda y la Universidad de Valladolid organizan en colaboraci\u00f3n con el Grupo de Investigaci\u00f3n PANGEA e IPA (Espa\u00f1a) durante el 18,19 y 20 de mayo de 2015 el curso titulad:<\/p>\n<p>\u00abFr\u00edo Extremo. De Iberia a los Polos y Marte. Ciencia e investigaci\u00f3n en torno al permafrost\u00bb<\/p>\n<p>Para conocer el programa y la informaci\u00f3n para poder inscribirse pinche en los siguientes enlaces:<\/p>\n<p><a href=\"http:\/\/www5.uva.es\/gir_pangea\/wp-content\/uploads\/2015\/03\/cartel_Curso_permafrost.pdf\">Cartel del Curso [Descargar]<\/a><\/p>\n<p><a href=\"http:\/\/www5.uva.es\/gir_pangea\/wp-content\/uploads\/2015\/03\/d\u00edpticov3.pdf\">Inscripciones e informaci\u00f3n [Descargar]<\/a><\/p>\n<p><a href=\"https:\/\/i0.wp.com\/www5.uva.es\/gir_pangea\/wp-content\/uploads\/2015\/03\/programa-1.png\"><img data-attachment-id=\"793\" data-permalink=\"https:\/\/albergueweb1.uva.es\/gir_pangea\/?attachment_id=793\" data-orig-file=\"https:\/\/i0.wp.com\/albergueweb1.uva.es\/gir_pangea\/wp-content\/uploads\/2015\/03\/programa-1.png?fit=468%2C697&amp;ssl=1\" data-orig-size=\"468,697\" data-comments-opened=\"0\" data-image-meta=\"{&quot;aperture&quot;:&quot;0&quot;,&quot;credit&quot;:&quot;&quot;,&quot;camera&quot;:&quot;&quot;,&quot;caption&quot;:&quot;&quot;,&quot;created_timestamp&quot;:&quot;0&quot;,&quot;copyright&quot;:&quot;&quot;,&quot;focal_length&quot;:&quot;0&quot;,&quot;iso&quot;:&quot;0&quot;,&quot;shutter_speed&quot;:&quot;0&quot;,&quot;title&quot;:&quot;&quot;}\" data-image-title=\"programa 1\" data-image-description=\"\" data-image-caption=\"\" data-medium-file=\"https:\/\/i0.wp.com\/albergueweb1.uva.es\/gir_pangea\/wp-content\/uploads\/2015\/03\/programa-1.png?fit=201%2C300&amp;ssl=1\" data-large-file=\"https:\/\/i0.wp.com\/albergueweb1.uva.es\/gir_pangea\/wp-content\/uploads\/2015\/03\/programa-1.png?fit=468%2C697&amp;ssl=1\" loading=\"lazy\" class=\"alignleft size-full wp-image-793\" title=\"programa 1\" src=\"https:\/\/i0.wp.com\/www5.uva.es\/gir_pangea\/wp-content\/uploads\/2015\/03\/programa-1.png?resize=468%2C697\" alt=\"\" width=\"468\" height=\"697\" srcset=\"https:\/\/i0.wp.com\/albergueweb1.uva.es\/gir_pangea\/wp-content\/uploads\/2015\/03\/programa-1.png?w=468&amp;ssl=1 468w, https:\/\/i0.wp.com\/albergueweb1.uva.es\/gir_pangea\/wp-content\/uploads\/2015\/03\/programa-1.png?resize=201%2C300&amp;ssl=1 201w\" sizes=\"(max-width: 468px) 100vw, 468px\" data-recalc-dims=\"1\" \/><\/a><\/p>\n<p><a href=\"https:\/\/i0.wp.com\/www5.uva.es\/gir_pangea\/wp-content\/uploads\/2015\/03\/programa-2.png\"><img data-attachment-id=\"794\" data-permalink=\"https:\/\/albergueweb1.uva.es\/gir_pangea\/?attachment_id=794\" data-orig-file=\"https:\/\/i0.wp.com\/albergueweb1.uva.es\/gir_pangea\/wp-content\/uploads\/2015\/03\/programa-2.png?fit=468%2C620&amp;ssl=1\" data-orig-size=\"468,620\" data-comments-opened=\"0\" data-image-meta=\"{&quot;aperture&quot;:&quot;0&quot;,&quot;credit&quot;:&quot;&quot;,&quot;camera&quot;:&quot;&quot;,&quot;caption&quot;:&quot;&quot;,&quot;created_timestamp&quot;:&quot;0&quot;,&quot;copyright&quot;:&quot;&quot;,&quot;focal_length&quot;:&quot;0&quot;,&quot;iso&quot;:&quot;0&quot;,&quot;shutter_speed&quot;:&quot;0&quot;,&quot;title&quot;:&quot;&quot;}\" data-image-title=\"programa 2\" data-image-description=\"\" data-image-caption=\"\" data-medium-file=\"https:\/\/i0.wp.com\/albergueweb1.uva.es\/gir_pangea\/wp-content\/uploads\/2015\/03\/programa-2.png?fit=226%2C300&amp;ssl=1\" data-large-file=\"https:\/\/i0.wp.com\/albergueweb1.uva.es\/gir_pangea\/wp-content\/uploads\/2015\/03\/programa-2.png?fit=468%2C620&amp;ssl=1\" loading=\"lazy\" class=\"alignleft size-full wp-image-794\" title=\"programa 2\" src=\"https:\/\/i0.wp.com\/www5.uva.es\/gir_pangea\/wp-content\/uploads\/2015\/03\/programa-2.png?resize=468%2C620\" alt=\"\" width=\"468\" height=\"620\" srcset=\"https:\/\/i0.wp.com\/albergueweb1.uva.es\/gir_pangea\/wp-content\/uploads\/2015\/03\/programa-2.png?w=468&amp;ssl=1 468w, https:\/\/i0.wp.com\/albergueweb1.uva.es\/gir_pangea\/wp-content\/uploads\/2015\/03\/programa-2.png?resize=226%2C300&amp;ssl=1 226w\" sizes=\"(max-width: 468px) 100vw, 468px\" data-recalc-dims=\"1\" \/><\/a><\/p>\n","protected":false},"excerpt":{"rendered":"<p>El centro Buend\u00eda y la Universidad de Valladolid organizan en colaboraci\u00f3n con el Grupo de Investigaci\u00f3n PANGEA e IPA (Espa\u00f1a) durante el 18,19 y 20 de mayo de 2015 el curso titulad: \u00abFr\u00edo Extremo. De Iberia a los Polos y Marte. Ciencia e investigaci\u00f3n en torno al permafrost\u00bb Para conocer el programa y la informaci\u00f3n [&hellip;]<\/p>\n","protected":false},"author":1,"featured_media":807,"comment_status":"closed","ping_status":"open","sticky":false,"template":"","format":"standard","meta":{"jetpack_post_was_ever_published":false,"jetpack_publicize_message":"","jetpack_is_tweetstorm":false,"jetpack_publicize_feature_enabled":true,"jetpack_social_post_already_shared":false,"jetpack_social_options":{"image_generator_settings":{"template":"highway","enabled":false}}},"categories":[1],"tags":[],"jetpack_publicize_connections":[],"jetpack_featured_media_url":"https:\/\/i0.wp.com\/albergueweb1.uva.es\/gir_pangea\/wp-content\/uploads\/2011\/11\/Curso-Permafrost1.png?fit=251%2C715&ssl=1","jetpack_sharing_enabled":true,"jetpack_shortlink":"https:\/\/wp.me\/p79crb-cH","jetpack-related-posts":[{"id":1947,"url":"https:\/\/albergueweb1.uva.es\/gir_pangea\/?p=1947","url_meta":{"origin":787,"position":0},"title":"Libro \u00abLa Edad del Hielo. Una breve introducci\u00f3n\u00bb","date":"1 marzo, 2023","format":false,"excerpt":"En el oto\u00f1o de 2022 el Servicio de publicaciones de la Universidad de La Laguna edit\u00f3 el libro \u201cLa Edad del Hielo. Una breve introducci\u00f3n\u201d, escrito por Jamie Woodward. El profesor de geograf\u00eda f\u00edsica de la Universidad de La Laguna Constantino Criado Hern\u00e1ndez ha tenido la feliz idea de traducir\u2026","rel":"","context":"En \u00abSin categor\u00eda\u00bb","img":{"alt_text":"","src":"https:\/\/i0.wp.com\/albergueweb1.uva.es\/gir_pangea\/wp-content\/uploads\/2023\/03\/MDU-39-Geografia-04-214x300-1.png?fit=214%2C300&ssl=1&resize=350%2C200","width":350,"height":200},"classes":[]},{"id":1671,"url":"https:\/\/albergueweb1.uva.es\/gir_pangea\/?p=1671","url_meta":{"origin":787,"position":1},"title":"Curso: \u00abEl estudio de los glaciares como indicadores de cambio clim\u00e1tico\u00bb","date":"1 julio, 2020","format":false,"excerpt":"El GIR PANGEA participar\u00e1 en el curso de la Universidad de Zaragoza titulado: \"El estudio de los glaciares como indicadores de cambio clim\u00e1tico\". Enrique Serrano participar\u00e1 como ponente en el curso que tendr\u00e1 lugar del 20 al 23 de julio de 2020. de forma presencial. La direcci\u00f3n del curso ser\u00e1\u2026","rel":"","context":"En \u00abSin categor\u00eda\u00bb","img":{"alt_text":"","src":"","width":0,"height":0},"classes":[]},{"id":1781,"url":"https:\/\/albergueweb1.uva.es\/gir_pangea\/?p=1781","url_meta":{"origin":787,"position":2},"title":"CONGRESO INTERNACIONAL \u00abTRANSFERENCIA DE RESULTADOS DE INVESTIGACI\u00d3N PARA EL DESARROLLO TERRITORIAL SOSTENIBLE\u00bb","date":"27 abril, 2021","format":false,"excerpt":"Instituto Universitario de Investigaci\u00f3n para el Desarrollo Territorial Sostenible (INTERRA) 15-17 de septiembre 2021 (Virtual) La transferencia de los resultados e ideas de la investigaci\u00f3n a la Sociedad es una importante labor que ha cobrado protagonismo desde hace una d\u00e9cada y se est\u00e1 consolidando con los nuevos programas nacionales y\u2026","rel":"","context":"En \u00abSin categor\u00eda\u00bb","img":{"alt_text":"","src":"https:\/\/i0.wp.com\/albergueweb1.uva.es\/gir_pangea\/wp-content\/uploads\/2021\/04\/congreso-caceres.jpg?fit=523%2C778&ssl=1&resize=350%2C200","width":350,"height":200},"classes":[]},{"id":1681,"url":"https:\/\/albergueweb1.uva.es\/gir_pangea\/?p=1681","url_meta":{"origin":787,"position":3},"title":"Campa\u00f1a de investigaci\u00f3n 2020 en cuevas heladas en Picos de Europa","date":"2 julio, 2020","format":false,"excerpt":"La campa\u00f1a de investigaci\u00f3n en cuevas heladas realizada anualmente por el grupo PANGEA en colaboraci\u00f3n con el CES Alfa y AS Charentais, se realizar\u00e1 en la primera quincena de agosto. Los compa\u00f1eros del AS Charentais no se desplazar\u00e1n este a\u00f1o a Picos deEuropa por las condiciones del covid-19. Adem\u00e1s, Las\u2026","rel":"","context":"En \u00abSin categor\u00eda\u00bb","img":{"alt_text":"","src":"https:\/\/i0.wp.com\/albergueweb1.uva.es\/gir_pangea\/wp-content\/uploads\/2020\/07\/cueva.png?fit=1200%2C604&ssl=1&resize=350%2C200","width":350,"height":200},"classes":[]},{"id":521,"url":"https:\/\/albergueweb1.uva.es\/gir_pangea\/?p=521","url_meta":{"origin":787,"position":4},"title":"Curso de campo en Marruecos","date":"8 mayo, 2013","format":false,"excerpt":"\u00a0Entre el 31 de abril y el 10 de mayo\u00a0el GIR PANGEA, junto con GEOLID (J\u00f3venes Ge\u00f3grafos de Valladolid) y el Departamento de Geograf\u00eda de la UVA, organizaron un curso de campo al S de Marruecos. La visita incluy\u00f3 estancia en Marrakesh,\u00a0el Atlas, la fosa de Ouarzarzate\u00a0y un recorrido a\u2026","rel":"","context":"En \u00abSalidas de campo\u00bb","img":{"alt_text":"","src":"","width":0,"height":0},"classes":[]},{"id":1628,"url":"https:\/\/albergueweb1.uva.es\/gir_pangea\/?p=1628","url_meta":{"origin":787,"position":5},"title":"Jornada IAHR-SPAIN WATER sobre din\u00e1mica sedimentaria en r\u00edos y costas","date":"16 marzo, 2020","format":false,"excerpt":"El 26 de febrero el miembro del GIR PANGEA Alfonso Pisabarro fue invitado a impartir una ponencia en la jornada organizada por el CEDEX sobre din\u00e1mica sedimentaria en la gesti\u00f3n sostenible de r\u00edos y costas. A trav\u00e9s de su investigaci\u00f3n sobre la evoluci\u00f3n de los cambios temporales en los sedimentos\u2026","rel":"","context":"En \u00abSin categor\u00eda\u00bb","img":{"alt_text":"","src":"https:\/\/i0.wp.com\/albergueweb1.uva.es\/gir_pangea\/wp-content\/uploads\/2020\/03\/IAHR.png?fit=836%2C603&ssl=1&resize=350%2C200","width":350,"height":200},"classes":[]}],"_links":{"self":[{"href":"https:\/\/albergueweb1.uva.es\/gir_pangea\/index.php?rest_route=\/wp\/v2\/posts\/787"}],"collection":[{"href":"https:\/\/albergueweb1.uva.es\/gir_pangea\/index.php?rest_route=\/wp\/v2\/posts"}],"about":[{"href":"https:\/\/albergueweb1.uva.es\/gir_pangea\/index.php?rest_route=\/wp\/v2\/types\/post"}],"author":[{"embeddable":true,"href":"https:\/\/albergueweb1.uva.es\/gir_pangea\/index.php?rest_route=\/wp\/v2\/users\/1"}],"replies":[{"embeddable":true,"href":"https:\/\/albergueweb1.uva.es\/gir_pangea\/index.php?rest_route=%2Fwp%2Fv2%2Fcomments&post=787"}],"version-history":[{"count":4,"href":"https:\/\/albergueweb1.uva.es\/gir_pangea\/index.php?rest_route=\/wp\/v2\/posts\/787\/revisions"}],"predecessor-version":[{"id":792,"href":"https:\/\/albergueweb1.uva.es\/gir_pangea\/index.php?rest_route=\/wp\/v2\/posts\/787\/revisions\/792"}],"wp:featuredmedia":[{"embeddable":true,"href":"https:\/\/albergueweb1.uva.es\/gir_pangea\/index.php?rest_route=\/wp\/v2\/media\/807"}],"wp:attachment":[{"href":"https:\/\/albergueweb1.uva.es\/gir_pangea\/index.php?rest_route=%2Fwp%2Fv2%2Fmedia&parent=787"}],"wp:term":[{"taxonomy":"category","embeddable":true,"href":"https:\/\/albergueweb1.uva.es\/gir_pangea\/index.php?rest_route=%2Fwp%2Fv2%2Fcategories&post=787"},{"taxonomy":"post_tag","embeddable":true,"href":"https:\/\/albergueweb1.uva.es\/gir_pangea\/index.php?rest_route=%2Fwp%2Fv2%2Ftags&post=787"}],"curies":[{"name":"wp","href":"https:\/\/api.w.org\/{rel}","templated":true}]}}