{"id":1003,"date":"2016-09-08T11:33:40","date_gmt":"2016-09-08T11:33:40","guid":{"rendered":"http:\/\/albergueweb.uva.es\/javiermatia\/?p=1003"},"modified":"2024-02-08T11:04:40","modified_gmt":"2024-02-08T11:04:40","slug":"encuestas-docentes","status":"publish","type":"post","link":"https:\/\/albergueweb1.uva.es\/javiermatia\/encuestas-docentes\/","title":{"rendered":"Encuestas docentes"},"content":{"rendered":"<p><span style=\"color: #0000ff;\"><strong>ENCUESTAS DOCENTES 2023-2024<\/strong><\/span><\/p>\n<ul>\n<li><strong><span style=\"color: #ff0000;\">La Europa de los derechos y la protecci\u00f3n de los valores de la Uni\u00f3n<\/span>: Oficial Uva&nbsp;<\/strong><\/li>\n<\/ul>\n<ul>\n<li><span style=\"color: #ff0000;\"><strong>Pr\u00e1ctica Procesal, Constitucional, Europea e Internacional<\/strong><\/span>: <strong>Oficial UVa<\/strong><\/li>\n<\/ul>\n<ul>\n<li><strong><span style=\"color: #ff0000;\">Cuestiones actuales del sistema institucional y de fuentes de la Uni\u00f3n Europea<\/span>: Oficial Uva<br \/>\n<\/strong><\/li>\n<\/ul>\n<ul>\n<li><strong><span style=\"color: #ff0000;\">Derechos fundamentales y Garant\u00edas Constitucionales<\/span>: <\/strong><strong>Oficial Uva&nbsp; \/ <a href=\"https:\/\/docs.google.com\/forms\/d\/19aw8cpTM8hzARwYszcKk3IVvCPIjYyyc77ouAwcBalg\/viewanalytics\" target=\"_blank\" rel=\"noopener\">Personal<\/a><\/strong><\/li>\n<\/ul>\n<ul>\n<li><strong><span style=\"color: #ff0000;\">Fundamentos de Derecho<\/span>: <\/strong><strong>Oficial Uva&nbsp; <\/strong><\/li>\n<\/ul>\n<p>&nbsp;<\/p>\n<p><span style=\"color: #0000ff;\"><strong>ENCUESTAS DOCENTES 2022-2023<\/strong><\/span><\/p>\n<ul>\n<li><strong><span style=\"color: #ff0000;\">La Europa de los derechos y la protecci\u00f3n de los valores de la Uni\u00f3n<\/span>: <a href=\"https:\/\/albergueweb1.uva.es\/javiermatia\/wp-content\/uploads\/2024\/02\/2223-Encuesta-La-Europa-de-los-derechos.pdf\" target=\"_blank\" rel=\"noopener\">Oficial Uva<\/a><\/strong>&nbsp; <strong>\/ Personal<\/strong><\/li>\n<\/ul>\n<ul>\n<li><span style=\"color: #ff0000;\"><strong>Pr\u00e1ctica Procesal, Constitucional, Europea e Internacional<\/strong><\/span>: <a href=\"https:\/\/albergueweb1.uva.es\/javiermatia\/wp-content\/uploads\/2024\/02\/2223-Encuesta-practica-procesal-constitucional.pdf\" target=\"_blank\" rel=\"noopener\"><strong>Oficial UVa<\/strong><\/a><\/li>\n<\/ul>\n<ul>\n<li><strong><span style=\"color: #ff0000;\">Cuestiones actuales del sistema institucional y de fuentes de la Uni\u00f3n Europea<\/span>: <a href=\"https:\/\/albergueweb1.uva.es\/javiermatia\/wp-content\/uploads\/2024\/02\/2223-Encuesta-Cuestiones-actuales-sistema-institucional.pdf\" target=\"_blank\" rel=\"noopener\">Oficial Uva<\/a>&nbsp; \/ Personal<\/strong><\/li>\n<\/ul>\n<ul>\n<li><strong><span style=\"color: #ff0000;\">Derechos fundamentales y Garant\u00edas Constitucionales<\/span>: <\/strong><strong><a href=\"https:\/\/albergueweb1.uva.es\/javiermatia\/wp-content\/uploads\/2024\/02\/2223-Encuesta-DDFF-y-Garantias-Constitucionales.pdf\" target=\"_blank\" rel=\"noopener\">Oficial Uva<\/a>&nbsp; \/ Personal<\/strong><\/li>\n<\/ul>\n<ul>\n<li><strong><span style=\"color: #ff0000;\">Fundamentos de Derecho<\/span>: <\/strong><strong><a href=\"https:\/\/albergueweb1.uva.es\/javiermatia\/wp-content\/uploads\/2024\/02\/2223-Encuesta-Fundamentos-de-Derecho.pdf\" target=\"_blank\" rel=\"noopener\">Oficial Uva<\/a>&nbsp; \/ Personal <\/strong><\/li>\n<\/ul>\n<p>&nbsp;<\/p>\n<p><span style=\"color: #0000ff;\"><strong>E<span style=\"color: #0000ff;\">NCUESTAS DOCENTES 20<\/span>20-2021<\/strong><\/span><\/p>\n<ul>\n<li><strong><span style=\"color: #ff0000;\">La Europa de los derechos y la protecci\u00f3n de los valores de la Uni\u00f3n<\/span>: <a href=\"https:\/\/albergueweb1.uva.es\/javiermatia\/wp-content\/uploads\/2021\/05\/Encuesta-EuropaDerechos.pdf\" target=\"_blank\" rel=\"noopener\">Oficial Uva<\/a><\/strong> (1 persona) <strong>\/ <a href=\"https:\/\/docs.google.com\/forms\/d\/e\/1FAIpQLSe4woqAXGaKELYbWs5JPaI3OtbVR9ZTgApBE9aEJjkjNhwWcA\/viewanalytics\" target=\"_blank\" rel=\"noopener noreferrer\">Personal<\/a><\/strong> (8 respuestas de 9)<\/li>\n<\/ul>\n<ul>\n<li><span style=\"color: #ff0000;\"><strong>Pr\u00e1ctica Procesal, Constitucional, Europea e Internacional<\/strong><\/span>: <a href=\"https:\/\/albergueweb1.uva.es\/javiermatia\/wp-content\/uploads\/2021\/05\/Encuesta-Abogacia.pdf\" target=\"_blank\" rel=\"noopener\"><strong>Oficial UVa<\/strong><\/a> (5 personas)<\/li>\n<\/ul>\n<ul>\n<li><strong><span style=\"color: #ff0000;\">Cuestiones actuales del sistema institucional y de fuentes de la Uni\u00f3n Europea<\/span>: Oficial Uva&nbsp; \/ Personal<\/strong><\/li>\n<\/ul>\n<ul>\n<li><strong><span style=\"color: #ff0000;\">Derecho Constitcional I<\/span>: <\/strong><strong>Oficial Uva&nbsp; \/ Personal<\/strong><\/li>\n<\/ul>\n<ul>\n<li><strong><span style=\"color: #ff0000;\">Derecho Constitucional II<\/span>: <\/strong><strong>Oficial Uva&nbsp; \/ Personal<\/strong><\/li>\n<\/ul>\n<p>&nbsp;<\/p>\n<p><span style=\"color: #0000ff;\"><strong>ENCUESTAS DOCENTES 2019-2020<\/strong><\/span><\/p>\n<ul>\n<li><strong><span style=\"color: #ff0000;\">Derecho Constitucional I<\/span>: <a href=\"https:\/\/albergueweb1.uva.es\/javiermatia\/wp-content\/uploads\/2020\/06\/1920-Enc-DC1.pdf\" target=\"_blank\" rel=\"noopener noreferrer\">Oficial Uva<\/a>&nbsp; \/ Personal<\/strong> (18 respuestas)<\/li>\n<\/ul>\n<ul>\n<li><strong><span style=\"color: #ff0000;\">Derecho Constitucional II<\/span>: <a href=\"https:\/\/albergueweb1.uva.es\/javiermatia\/wp-content\/uploads\/2020\/06\/1920-Enc-DC2.pdf\" target=\"_blank\" rel=\"noopener noreferrer\">Oficial Uva<\/a>&nbsp; \/ Personal<\/strong> (23 respuestas)<\/li>\n<\/ul>\n<ul>\n<li><strong><span style=\"color: #ff0000;\">Comunicaci\u00f3n y derechos fundamentales:<\/span> <a href=\"https:\/\/albergueweb1.uva.es\/javiermatia\/wp-content\/uploads\/2020\/06\/1920-Enc-CDDFF.pdf\" target=\"_blank\" rel=\"noopener noreferrer\">Oficial Uva<\/a>&nbsp;<br \/>\n<\/strong><\/li>\n<\/ul>\n<ul>\n<li><strong><span style=\"color: #ff0000;\">Pol\u00edticas de la comunicaci\u00f3n en el contexto europeo<\/span>: <a href=\"https:\/\/albergueweb1.uva.es\/javiermatia\/wp-content\/uploads\/2020\/06\/1920-Enc-PC.pdf\" target=\"_blank\" rel=\"noopener noreferrer\">Oficial Uva<\/a><\/strong><\/li>\n<\/ul>\n<p>&nbsp;<\/p>\n<p><span style=\"color: #0000ff;\"><strong>ENCUESTAS DOCENTES 2018-2019<\/strong><\/span><\/p>\n<ul>\n<li><strong><span style=\"color: #ff0000;\">Derecho Constitucional I<\/span>: <a href=\"https:\/\/albergueweb1.uva.es\/javiermatia\/wp-content\/uploads\/2019\/09\/E1819-Derecho-Constitucional-1.pdf\" target=\"_blank\" rel=\"noopener noreferrer\">Oficial Uva<\/a>&nbsp; \/ <a href=\"https:\/\/docs.google.com\/forms\/d\/1igWTTIxU2xHhGOQ2z8lWQUtaOYN82QP5KoMg7edIDoY\/viewanalytics\" target=\"_blank\" rel=\"noopener noreferrer\">Personal<\/a><\/strong> (18 respuestas)<\/li>\n<\/ul>\n<ul>\n<li><strong><span style=\"color: #ff0000;\">Derecho Constitucional II<\/span>: <a href=\"https:\/\/albergueweb1.uva.es\/javiermatia\/wp-content\/uploads\/2019\/09\/E1819-Derecho-Constitucional-2.pdf\" target=\"_blank\" rel=\"noopener noreferrer\">Oficial Uva<\/a>&nbsp; \/ <a href=\"https:\/\/docs.google.com\/forms\/d\/1Vss_FjFLZY2iWO-Wbpxc9fZw44sac-eaHT02NIi-Dsc\/viewanalytics\" target=\"_blank\" rel=\"noopener noreferrer\">Personal<\/a><\/strong> (23 respuestas)<\/li>\n<\/ul>\n<ul>\n<li><strong><span style=\"color: #ff0000;\">Los derechos fundamentales en el \u00e1mbito laboral<\/span>: <a href=\"https:\/\/albergueweb1.uva.es\/javiermatia\/wp-content\/uploads\/2019\/08\/Encuesta-1819-Los-DDFF-en-el-\u00e1mbito-laboral.pdf\" target=\"_blank\" rel=\"noopener noreferrer\">Oficial Uva<\/a>&nbsp;<br \/>\n<\/strong><\/li>\n<\/ul>\n<ul>\n<li><strong><span style=\"color: #ff0000;\">Comunicaci\u00f3n y derechos fundamentales<\/span>: <a href=\"https:\/\/albergueweb1.uva.es\/javiermatia\/wp-content\/uploads\/2019\/09\/E1819-Comunicaci\u00f3n-y-DDFF.pdf\" target=\"_blank\" rel=\"noopener noreferrer\">Oficial Uva<\/a><\/strong><\/li>\n<\/ul>\n<p>&nbsp;<\/p>\n<p><span style=\"color: #0000ff;\"><strong>ENCUESTAS DOCENTES 2017-2018<\/strong><\/span><\/p>\n<ul>\n<li><span style=\"color: #ff0000;\"><strong>Derecho Constitucional I: <a href=\"https:\/\/albergueweb1.uva.es\/javiermatia\/wp-content\/uploads\/2018\/09\/Encuesta-2017-2018-DC-1.pdf\" target=\"_blank\" rel=\"noopener noreferrer\">Oficial Uva<\/a>&nbsp; \/ <a href=\"https:\/\/docs.google.com\/forms\/d\/1L1p0QE8RHKde-rVMSlXmWtnVuAnGjJ--vLlUmXK_uMI\/viewanalytics\" target=\"_blank\" rel=\"noopener noreferrer\">Personal<\/a><\/strong> <span style=\"color: #000000;\">(40 respuestas)<\/span><\/span><\/li>\n<\/ul>\n<ul>\n<li><span style=\"color: #ff0000;\"><strong>Derecho Constitucional II: <a href=\"https:\/\/albergueweb1.uva.es\/javiermatia\/wp-content\/uploads\/2018\/09\/Encuesta-2017-2018-DC-2.pdf\" target=\"_blank\" rel=\"noopener noreferrer\">Oficial Uva<\/a>&nbsp; \/ <a href=\"https:\/\/docs.google.com\/forms\/d\/1M7DfxmzrdXK8zE-iHR0JCwb1MCKvwL6yxXRBL0FFMu4\/viewanalytics\" target=\"_blank\" rel=\"noopener noreferrer\">Personal<\/a><\/strong>&nbsp;<span style=\"color: #000000;\">(30 respuestas)<\/span><\/span><\/li>\n<\/ul>\n<ul>\n<li><span style=\"color: #ff0000;\"><strong>Comunicaci\u00f3n y derechos fundamentales: <a href=\"https:\/\/albergueweb1.uva.es\/javiermatia\/wp-content\/uploads\/2018\/09\/Encuesta-2017-2018-CyDFa.pdf\" target=\"_blank\" rel=\"noopener noreferrer\">Oficial Uva<\/a><\/strong><\/span><\/li>\n<\/ul>\n<p>&nbsp;<\/p>\n<p><span style=\"color: #0000ff;\"><strong>ENCUESTAS DOCENTES 2016-2017<\/strong><\/span><\/p>\n<ul>\n<li><span style=\"color: #ff0000;\"><strong>Derecho Constitucional I: <a href=\"https:\/\/albergueweb1.uva.es\/javiermatia\/wp-content\/uploads\/2017\/07\/ED-DC1-2016-17.pdf\" target=\"_blank\" rel=\"noopener noreferrer\">Oficial Uva<\/a>&nbsp; <\/strong><\/span><strong> \/ <a href=\"https:\/\/docs.google.com\/forms\/d\/1lnlyQb3hyUU6YpeU6iTNoNClpLmTLX4XDzyDNwfVSno\/viewanalytics\" target=\"_blank\" rel=\"noopener noreferrer\">Personal<\/a><\/strong> (Esta encuesta ha sido realizada por 36 estudiantes de los 42 matr\u00edculados -85,71 % de respuestas-)<\/li>\n<\/ul>\n<ul>\n<li><span style=\"color: #ff0000;\"><strong>Derecho Constitucional II: <a href=\"https:\/\/albergueweb1.uva.es\/javiermatia\/wp-content\/uploads\/2017\/07\/ED-DC2-2016-17.pdf\" target=\"_blank\" rel=\"noopener noreferrer\">Oficial Uva<\/a>&nbsp; <\/strong><\/span><strong> \/ <a href=\"https:\/\/docs.google.com\/forms\/d\/1lnlyQb3hyUU6YpeU6iTNoNClpLmTLX4XDzyDNwfVSno\/viewanalytics\" target=\"_blank\" rel=\"noopener noreferrer\">Personal<\/a><\/strong> (Esta encuesta ha sido realizada por 36 estudiantes de los 42 matr\u00edculados -85,71 % de respuestas-)<\/li>\n<\/ul>\n<ul>\n<li><span style=\"color: #ff0000;\"><strong>Comunicaci\u00f3n y derechos fundamentales: <a href=\"https:\/\/albergueweb1.uva.es\/javiermatia\/wp-content\/uploads\/2017\/07\/ED-CyDDFF-2016-17.pdf\" target=\"_blank\" rel=\"noopener noreferrer\">Oficial Uva<\/a><\/strong><\/span><\/li>\n<\/ul>\n<p>&nbsp;<\/p>\n<p><span style=\"color: #0000ff;\"><strong>ENCUESTAS DOCENTES 2015-2016<\/strong><\/span><\/p>\n<ul>\n<li><span style=\"color: #ff0000;\"><strong>Derecho Constitucional I: <a href=\"https:\/\/albergueweb1.uva.es\/javiermatia\/wp-content\/uploads\/2016\/09\/2016-Encuesta-UVa-DC-1-2015-16.pdf\" target=\"_blank\" rel=\"noopener noreferrer\">Oficial Uva<\/a>&nbsp; \/ <a href=\"https:\/\/docs.google.com\/forms\/d\/1lnlyQb3hyUU6YpeU6iTNoNClpLmTLX4XDzyDNwfVSno\/viewanalytics\" target=\"_blank\" rel=\"noopener noreferrer\">Personal<\/a><\/strong><\/span> (Esta encuesta ha sido realizada por 36 estudiantes de los 42 matr\u00edculados -85,71 % de respuestas-)<\/li>\n<\/ul>\n<ul>\n<li><strong><span style=\"color: #ff0000;\">Derecho Constitucional II: <a href=\"https:\/\/albergueweb1.uva.es\/javiermatia\/wp-content\/uploads\/2016\/09\/2016-Encuesta-UVa-DC-2-2015-16.pdf\" target=\"_blank\" rel=\"noopener noreferrer\">Oficial Uva<\/a>&nbsp; \/ <a href=\"https:\/\/docs.google.com\/forms\/d\/1EfW2rEmyB0GmGh0hUH6KyJXrX7Jc_yFBP8MHHrvC7Dw\/viewanalytics\" target=\"_blank\" rel=\"noopener noreferrer\">Personal<\/a><\/span><\/strong>&nbsp;(Esta encuesta ha sido realizada por 37 estudiantes de los 46 matr\u00edculados -80,43 % de respuestas-)<\/li>\n<\/ul>\n<ul>\n<li><span style=\"color: #ff0000;\"><strong>Comunicaci\u00f3n y derechos fundamentales: <a href=\"https:\/\/albergueweb1.uva.es\/javiermatia\/wp-content\/uploads\/2016\/09\/2016-Encuesta-UVa-Comunicaci\u00f3n-y-DDFF-2015-16.pdf\" target=\"_blank\" rel=\"noopener noreferrer\">Oficial Uva<\/a><\/strong><\/span><\/li>\n<\/ul>\n<ul>\n<li><strong><span style=\"color: #ff0000;\">Derecho Comunitario: <a href=\"https:\/\/albergueweb1.uva.es\/javiermatia\/wp-content\/uploads\/2016\/09\/2016-Encuesta-UVa-Derecho-Comunitario-2015-16.pdf\" target=\"_blank\" rel=\"noopener noreferrer\">Oficial Uva<\/a><\/span><\/strong><\/li>\n<\/ul>\n<ul>\n<li><span style=\"color: #ff0000;\"><strong>Pr\u00e1ctica Procesal, Constitucional, Europea e internacional: <a href=\"https:\/\/albergueweb1.uva.es\/javiermatia\/wp-content\/uploads\/2016\/09\/2016-Encuesta-UVA-Mater-Abogacia-2015-16.pdf\" target=\"_blank\" rel=\"noopener noreferrer\">Oficial Uva<\/a><\/strong><\/span><\/li>\n<\/ul>\n<p>&nbsp;<\/p>\n<p><span style=\"color: #0000ff;\"><strong>ENCUESTAS DOCENTES 2014-2015<\/strong><\/span><\/p>\n<ul>\n<li><span style=\"color: #ff0000;\"><strong>Derecho Constitucional I: <a href=\"https:\/\/albergueweb1.uva.es\/javiermatia\/wp-content\/uploads\/2016\/09\/2015-Encuesta-UVa-DC-1-2014-15.pdf\" target=\"_blank\" rel=\"noopener noreferrer\">Oficial UVa<\/a><\/strong><\/span><\/li>\n<\/ul>\n<ul>\n<li><strong><span style=\"color: #ff0000;\">Derecho Constitucional II: <a href=\"https:\/\/albergueweb1.uva.es\/javiermatia\/wp-content\/uploads\/2016\/09\/2015-Encuesta-UVa-DC-2-2014-15.pdf\" target=\"_blank\" rel=\"noopener noreferrer\">Oficial Uva<\/a><\/span><\/strong><\/li>\n<\/ul>\n<p>&nbsp;<\/p>\n","protected":false},"excerpt":{"rendered":"<p>ENCUESTAS DOCENTES 2023-2024 La Europa de los derechos y la protecci\u00f3n de los valores de la Uni\u00f3n: Oficial Uva&nbsp; Pr\u00e1ctica Procesal, Constitucional, Europea e Internacional: Oficial UVa Cuestiones actuales del sistema institucional y de fuentes de la Uni\u00f3n Europea: Oficial Uva Derechos fundamentales y Garant\u00edas Constitucionales: Oficial Uva&nbsp; \/ Personal Fundamentos de Derecho: Oficial Uva&nbsp;&#8230; <span class=\"more\"><a class=\"more-link\" href=\"https:\/\/albergueweb1.uva.es\/javiermatia\/encuestas-docentes\/\">Continue reading <span class=\"meta-nav\">&#8594;<\/span><\/a><\/span><\/p>\n","protected":false},"author":1,"featured_media":800,"comment_status":"closed","ping_status":"closed","sticky":false,"template":"","format":"standard","meta":{"ngg_post_thumbnail":0,"footnotes":""},"categories":[9],"tags":[],"class_list":["post-1003","post","type-post","status-publish","format-standard","has-post-thumbnail","hentry","category-docencia"],"_links":{"self":[{"href":"https:\/\/albergueweb1.uva.es\/javiermatia\/wp-json\/wp\/v2\/posts\/1003","targetHints":{"allow":["GET"]}}],"collection":[{"href":"https:\/\/albergueweb1.uva.es\/javiermatia\/wp-json\/wp\/v2\/posts"}],"about":[{"href":"https:\/\/albergueweb1.uva.es\/javiermatia\/wp-json\/wp\/v2\/types\/post"}],"author":[{"embeddable":true,"href":"https:\/\/albergueweb1.uva.es\/javiermatia\/wp-json\/wp\/v2\/users\/1"}],"replies":[{"embeddable":true,"href":"https:\/\/albergueweb1.uva.es\/javiermatia\/wp-json\/wp\/v2\/comments?post=1003"}],"version-history":[{"count":21,"href":"https:\/\/albergueweb1.uva.es\/javiermatia\/wp-json\/wp\/v2\/posts\/1003\/revisions"}],"predecessor-version":[{"id":1959,"href":"https:\/\/albergueweb1.uva.es\/javiermatia\/wp-json\/wp\/v2\/posts\/1003\/revisions\/1959"}],"wp:featuredmedia":[{"embeddable":true,"href":"https:\/\/albergueweb1.uva.es\/javiermatia\/wp-json\/wp\/v2\/media\/800"}],"wp:attachment":[{"href":"https:\/\/albergueweb1.uva.es\/javiermatia\/wp-json\/wp\/v2\/media?parent=1003"}],"wp:term":[{"taxonomy":"category","embeddable":true,"href":"https:\/\/albergueweb1.uva.es\/javiermatia\/wp-json\/wp\/v2\/categories?post=1003"},{"taxonomy":"post_tag","embeddable":true,"href":"https:\/\/albergueweb1.uva.es\/javiermatia\/wp-json\/wp\/v2\/tags?post=1003"}],"curies":[{"name":"wp","href":"https:\/\/api.w.org\/{rel}","templated":true}]}}