{"id":26,"date":"2015-07-01T15:16:33","date_gmt":"2015-07-01T15:16:33","guid":{"rendered":"http:\/\/albergueweb.uva.es\/javiermatia\/?page_id=26"},"modified":"2023-12-30T07:42:50","modified_gmt":"2023-12-30T07:42:50","slug":"recensiones","status":"publish","type":"post","link":"https:\/\/albergueweb1.uva.es\/javiermatia\/recensiones\/","title":{"rendered":"Recensiones"},"content":{"rendered":"<p style=\"text-align: justify;\">\u201c<span style=\"color: #ff0000;\"><strong>Emmanuel N\u00e9grier: Le cr\u00e9puscule d\u2019une th\u00e9orie jurisprudentielle: l\u2019\u00e9cran legislatif et les droits communautaire et constitutionnel<\/strong><\/span>\u201d. Revista Espa\u00f1ola de Derecho Constitucional 31 (enero\/abril 1991), pp. 306-307. ISSN: 0211-5743<\/p>\n<p style=\"text-align: justify;\">\u201c<span style=\"color: #ff0000;\"><strong>Jean-Fran\u00e7ois Touchard: A propos de l\u2019arr\u00eat Nicolo<\/strong><\/span>\u201d. Revista Espa\u00f1ola de Derecho Constitucional 31 (enero\/abril 1991), pp. 307-308. ISSN: 0211-5743<\/p>\n<p style=\"text-align: justify;\">\u201c<strong><span style=\"color: #ff0000;\">Yves Galmot: el Consejo de Estado franc\u00e9s y el control de conformidad de las leyes a los Tratados<\/span><\/strong>\u201d. Revista Espa\u00f1ola de Derecho Constitucional 32 (mayo\/agosto 1991), pp. 340-341. ISSN: 0211-5743<\/p>\n<p style=\"text-align: justify;\">\u201c<span style=\"color: #ff0000;\"><strong>Fan\u00e7ois Luchaire: le contr\u00f4le de la loi promulgu\u00e9e sur renvoi des juridictions: une r\u00e9forme constitutionnelle diff\u00e9r\u00e9e<\/strong><\/span>\u201d. Revista Espa\u00f1ola de Derecho Constitucional 32 (mayo\/agosto 1991), pp. 335-336. ISSN: 0211-5743<\/p>\n<p style=\"text-align: justify;\">\u201c<strong><span style=\"color: #ff0000;\">Alessandro Pizzorusso: cultura e politica nella produzione ed applicazione del Diritto<\/span><\/strong>\u201d. Revista Espa\u00f1ola de Derecho Constitucional 33 (septiembre\/diciembre 1991), pp. 303-304. ISSN: 0211-5743<\/p>\n<p style=\"text-align: justify;\">\u201c<strong><span style=\"color: #ff0000;\">Robert Badinter &amp; Bruno Genevois: Normes de valeur constitutionnelle et degr\u00e9 de protection des droits fondamentaux<\/span><\/strong>\u201d. Revista Espa\u00f1ola de Derecho Constitucional 34 (enero\/abril 1992), pp. 313-314. ISSN: 0211-5743<\/p>\n<p style=\"text-align: justify;\">\u201c<span style=\"color: #ff0000;\"><strong>Leo Goffin: de l\u2019incomp\u00e9tence des jurisdictions nationales pour constater l\u2019invalidit\u00e9 des actes d\u2019Institutions communautaires (observations a l\u2019arr\u00eat de la Cour de Justice des Communaut\u00e9s Europ\u00e9ennes de 22 octobre 1987, affaire 314\/85 Foto-Frost)<\/strong><\/span>\u201d. Revista Espa\u00f1ola de Derecho Constitucional 35 (mayo\/agosto 1992), pp. 301-303. ISSN: 0211-5743<\/p>\n<p style=\"text-align: justify;\">\u201c<strong><span style=\"color: #ff0000;\">Jean Morange: la protection des droits fondamentaux par le Conseil constitutionnel (bilan g\u00e9neral 1971-1991)<\/span><\/strong>\u201d. Revista Espa\u00f1ola de Derecho Constitucional 35 (mayo\/agosto 1992), pp. 304-305. ISSN: 0211-5743<\/p>\n<p style=\"text-align: justify;\">\u201c<span style=\"color: #ff0000;\"><strong>Marilisa D\u2019Amico: la Corte \u201cinventa\u201d l\u2019inidoneit\u00e0 dell\u2019atto per dichiarare inammissibile il conflitto<\/strong><\/span>\u201d. Revista Espa\u00f1ola de Derecho Constitucional 36 (septiembre\/diciembre 1992), pp. 489-491. ISSN: 0211-5743<\/p>\n<p style=\"text-align: justify;\">\u201c<span style=\"color: #ff0000;\"><strong>Fran\u00e7ois Luchaire: l\u2019Union Europ\u00e9enne et la Constitution<\/strong><\/span>\u201d. Revista Espa\u00f1ola de Derecho Constitucional 36 (septiembre\/diciembre 1992), pp. 491-493. ISSN: 0211-5743<\/p>\n<p style=\"text-align: justify;\">\u201c<span style=\"color: #ff0000;\"><strong>Bruno Genevois: le Trait\u00e9 sur l\u2019Union europ\u00e9enne et la Constitution (a propos de la D\u00e9cision du Conseil Constitutionnel n\u00ba 92-308 DC du 9 avril 1992)<\/strong><\/span>\u201d. Revista Espa\u00f1ola de Derecho Constitucional 37 (enero\/abril 1993), pp. 355-358. ISSN: 0211-5743<\/p>\n<p style=\"text-align: justify;\">\u201c<span style=\"color: #ff0000;\"><strong>Louis Dubouis: Directive communautaire et loi fran\u00e7aise: primaut\u00e9 de la directive et respect de l\u2019interpretation que la Cour de Justice a donn\u00e9e de ses dispositions (a propos des D\u00e9cisions du Conseil d\u2019\u00c9tat, Assembl\u00e9e, 28 f\u00e9vrier 1992: Societ\u00e9 Anonyme Rothmans International France et Societ\u00e9 Anonyme Philip Morris France, et, Societ\u00e9 Arizona Tobacco Products GmbH Export KG (RFA) et Societ\u00e9 Anonyme Philip Morris France)<\/strong><\/span>\u201d. Revista Espa\u00f1ola de Derecho Constitucional 37 (enero\/abril 1993), pp. 353-355. ISSN: 0211-5743<\/p>\n<p style=\"text-align: justify;\">\u201c<span style=\"color: #ff0000;\"><strong>Fran\u00e7ois Hervouet: politique jurisprudentielle de la Cour de Justice et des jurisdictions nationales. R\u00e9ception du Droit communautaire par le Droit interne des \u00c9ta<\/strong><\/span>ts\u201d. Revista Espa\u00f1ola de Derecho Constitucional 37 (enero\/abril 1993), pp. 358-360. ISSN: 0211-5743<\/p>\n<p style=\"text-align: justify;\">\u201c<span style=\"color: #ff0000;\"><strong>Olivier Beaud: le droit de vote des \u00e9trangers: l\u2019apport de la jurisprudence constitutionnelle allemande \u00e0 une th\u00e9orie du droit de suffrage<\/strong><\/span>\u201d. Revista Espa\u00f1ola de Derecho Constitucional 38 (mayo\/agosto 1993), pp. 458-460. ISSN: 0211-5743<\/p>\n<p style=\"text-align: justify;\">\u201c<span style=\"color: #ff0000;\"><strong>Louis Favoreu &amp; Patrick Ga\u00efa: les D\u00e9cisions du Conseil Constitutionnel relatives au Trait\u00e9 sur l\u2019Union Europ\u00e9enne<\/strong><\/span>\u201d. Revista Espa\u00f1ola de Derecho Constitucional 38 (mayo\/agosto 1993), pp. 460-462. ISSN: 0211-5743<\/p>\n<p style=\"text-align: justify;\">\u201c<span style=\"color: #ff0000;\"><strong>Pedro J. Gonz\u00e1lez-Trevijano: la inviolabilidad del domicilio<\/strong><\/span>\u201d. Revista Espa\u00f1ola de Derecho Constitucional 38 (mayo\/agosto 1993), pp. 438-442. ISSN: 0211-5743<\/p>\n<p style=\"text-align: justify;\">\u201c<span style=\"color: #ff0000;\"><strong>Catherine Blaizot-Hazard: Les contradictions des articles 54 et 55 de la Constitution face \u00e0 la hi\u00e9rarchie des normes<\/strong><\/span>\u201d. Revista Espa\u00f1ola de Derecho Constitucional 39 (septiembre\/diciembre 1993), pp. 381-384. ISSN: 0211-5743<\/p>\n<p style=\"text-align: justify;\">\u201c<span style=\"color: #ff0000;\"><strong>Francette Fines: Nouvelles incidences des directives communautaires sur le Droit public fran\u00e7ais. L\u2019affaire du prix des tabacs manufactur\u00e9s (CE, 28 f\u00e9vrier 1992, Soci\u00e9t\u00e9 Arizona Tobacco Products et S.A. Philip Morris France) (note de jurisprudence)<\/strong><\/span>\u201d. Revista Espa\u00f1ola de Derecho Constitucional 39 (septiembre\/diciembre 1993), pp. 384-385. ISSN: 0211-5743<\/p>\n<p style=\"text-align: justify;\">\u201c<span style=\"color: #ff0000;\"><strong>AA.VV.: l\u2019exception d\u2019inconstitutionalit\u00e9. Exp\u00e9riences \u00e9trang\u00e8res et situation fran\u00e7aise<\/strong><\/span>\u201d. Revista Espa\u00f1ola de Derecho Constitucional 40 (enero\/abril 1994), pp. 447-449. ISSN: 0211-5743<\/p>\n<p style=\"text-align: justify;\">\u201c<span style=\"color: #ff0000;\"><strong>Michel Troper: la Constitution de 1791 aujourd\u2019hui<\/strong><\/span>\u201d. Revista Espa\u00f1ola de Derecho Constitucional 40 (enero\/abril 1994), pp. 483-486. ISSN: 0211-5743<\/p>\n<p style=\"text-align: justify;\">\u201c<strong><span style=\"color: #ff0000;\">AA.VV.: les Constitutions europ\u00e9ennes et le Trait\u00e9 de Maastricht (Revue Fran\u00e7aise de Droit Constitutionnel 12, 1992)<\/span><\/strong>\u201d. Revista Espa\u00f1ola de Derecho Constitucional 40 (enero\/abril 1994), pp. 487-489. ISSN: 0211-5743<\/p>\n<p style=\"text-align: justify;\">\u201c<span style=\"color: #ff0000;\"><strong>\u00c9tienne Picard: vers l\u2019extention du bloc de constitutionnalit\u00e9 au Droit europ\u00e9en? (\u00e0 propos de la D\u00e9cision du Conseil Constitutionnel n\u00ba 92-312 DC du 2 septembre 1992, Trait\u00e9 sur l\u2019Union Europ\u00e9enne)<\/strong><\/span>\u201d. Revista Espa\u00f1ola de Derecho Constitucional 41 (mayo\/agosto 1994), pp. 399-400. ISSN: 0211-5743<\/p>\n<p style=\"text-align: justify;\">\u201c<span style=\"color: #ff0000;\"><strong>Omar Bendourou &amp; Meryem Acuam: la r\u00e9forme constitutionnelle marocaine<\/strong><\/span>\u201d. Revista Espa\u00f1ola de Derecho Constitucional 41 (mayo\/agosto 1994), pp.395-396. ISSN: 0211-5743<\/p>\n<p style=\"text-align: justify;\">\u201c<span style=\"color: #ff0000;\"><strong>Paul Sabourin: le Conseil d\u2019\u00c9tat: m\u00e9thodes et raisonnements<\/strong><\/span>\u201d. Revista Espa\u00f1ola de Derecho Constitucional 41 (mayo\/agosto 1994), pp. 397-399. ISSN: 0211-5743<\/p>\n<p style=\"text-align: justify;\">\u201c<span style=\"color: #ff0000;\"><strong>Bruno Genevois: un statut constitutionnel pour les \u00e9trangers (\u00e0 propos de la D\u00e9cision du Conseil Constitutionnel n\u00ba 92-325, du 13 ao\u00fbt 1993)<\/strong><\/span>\u201d. Revista Espa\u00f1ola de Derecho Constitucional 41 (mayo\/agosto 1994), pp. 401-402. ISSN: 0211-5743<\/p>\n<p style=\"text-align: justify;\">\u201c<span style=\"color: #ff0000;\"><strong>Olivier Beaud: la souverainet\u00e9 de l\u2019Etat, le pouvoir constituant et le Trait\u00e9 de Maastricht (remarques sur la m\u00e9connaissance de la limitation de la r\u00e9vision constitutionnelle)<\/strong><\/span>\u201d. Revista Espa\u00f1ola de Derecho Constitucional 42 (septiembre\/diciembre 1994), pp. 358-361. ISSN: 0211-5743<\/p>\n<p style=\"text-align: justify;\">\u201c<span style=\"color: #ff0000;\"><strong>Pierre Avril &amp; Jean Gicquel: le Conseil Constitutionnel<\/strong><\/span>\u201d. Revista Espa\u00f1ola de Derecho Constitucional 42 (septiembre\/diciembre 1994), pp. 341-343. ISSN: 0211-5743<\/p>\n<p style=\"text-align: justify;\">\u201c<span style=\"color: #ff0000;\"><strong>Gilles S\u00e9bastien: la citoyennet\u00e9 de l\u2019Union europ\u00e9enne<\/strong><\/span>\u201d. Revista Espa\u00f1ola de Derecho Constitucional 42 (septiembre\/diciembre 1994), pp. 353-355. ISSN: 0211-5743<\/p>\n<p style=\"text-align: justify;\">\u201c<span style=\"color: #ff0000;\"><strong>Rapport present\u00e9 par la D\u00e9l\u00e9gation fran\u00e7aise \u00e0 la Ix\u00e8me Conf\u00e9rence des Cours Constitutionnelles europ\u00e9ennes<\/strong><\/span>\u201d. Revista Espa\u00f1ola de Derecho Constitucional 42 (septiembre\/diciembre 1994), pp. 355-357. ISSN: 0211-5743<\/p>\n<p style=\"text-align: justify;\">\u201c<span style=\"color: #ff0000;\"><strong>Ralf Dahrendorf: Ley y orden<\/strong><\/span>\u201d. Revista de Estudios Pol\u00edticos 87 (enero\/marzo 1995), pp. 363-367. ISSN: 0048-7694<\/p>\n<p style=\"text-align: justify;\">\u201c<span style=\"color: #ff0000;\"><strong>Louis Favoreu: Recueil de jurisprudence constitutionnelle 1959-1993<\/strong><\/span>\u201d. Revista Espa\u00f1ola de Derecho Constitucional 43 (enero\/abril 1995), pp. 379-380. ISSN: 0211-5743<\/p>\n<p style=\"text-align: justify;\">\u201c<span style=\"color: #ff0000;\"><strong>Marie-Claire Ponthoreau: r\u00e9flexions sur la motivation des d\u00e9cisions juridictionnelles en Droit administratif fran\u00e7ais<\/strong><\/span>\u201d. Revista Espa\u00f1ola de Derecho Constitucional 43 (enero\/abril 1995), pp. 385-387. ISSN: 0211-5743<\/p>\n<p style=\"text-align: justify;\">\u201c<span style=\"color: #ff0000;\"><strong>Christophe Vimbert: l\u2019ordre public dans la jurisprudence du Conseil Constitutionnel<\/strong><\/span>\u201d. Revista Espa\u00f1ola de Derecho Constitucional 43 (enero\/abril 1995), pp. 387-391. ISSN: 0211-5743<\/p>\n<p style=\"text-align: justify;\">\u201c<span style=\"color: #ff0000;\"><strong>Manuel Ram\u00edrez (editor): El derecho a la informaci\u00f3n<\/strong><\/span>\u201d. Revista Espa\u00f1ola de Derecho Constitucional 43 (enero\/abril 1995), pp. 371-377. ISSN: 0211-5743<\/p>\n<p style=\"text-align: justify;\">\u201c<span style=\"color: #ff0000;\"><strong>Armel Le Divellec: parlamentarisme dualiste: entre Weimar et Bayeux<\/strong><\/span>\u201d. Revista Espa\u00f1ola de Derecho Constitucional 44 (mayo\/agosto 1995), pp. 389-390. ISSN: 0211-5743<\/p>\n<p style=\"text-align: justify;\">\u201c<span style=\"color: #ff0000;\"><strong>Henri Oberdorf: des incidences de l\u2019Union europ\u00e9enne et des Communaut\u00e9s europ\u00e9ennes sur le systeme administratif fran\u00e7ais<\/strong><\/span>\u201d. Revista Espa\u00f1ola de Derecho Constitucional 44 (mayo\/agosto 1995), pp. 390-392. ISSN: 0211-5743<\/p>\n<p style=\"text-align: justify;\">\u201c<span style=\"color: #ff0000;\"><strong>Jean-Louis Clergerie: l\u2019improbable censure de la Commission europ\u00e9enne<\/strong><\/span>\u201d. Revista Espa\u00f1ola de Derecho Constitucional 44 (mayo\/agosto 1995), pp. 392.393. ISSN: 0211-5743<\/p>\n<p style=\"text-align: justify;\">\u201c<span style=\"color: #ff0000;\"><strong>Francis-Paul B\u00e9noit: Montesquieu, inspirateur des Jacobin<\/strong><\/span>s\u201d. Revista Espa\u00f1ola de Derecho Constitucional 44 (mayo\/agosto 1995), pp. 393-395. ISSN: 0211-5743<\/p>\n<p style=\"text-align: justify;\">\u201c<span style=\"color: #ff0000;\"><strong>AA.VV.: Ciudadanos y reforma administrativ<\/strong><\/span>a\u201d. Revista Espa\u00f1ola de Derecho Constitucional 45 (septiembre\/diciembre 1995), pp. 397-400. ISSN: 0211-5743<\/p>\n<p style=\"text-align: justify;\">\u201c<span style=\"color: #ff0000;\"><strong>Christine Bertrand: la responsabilit\u00e9 des Etats membres en cas de non transposition des directives communautaires<\/strong><\/span>\u201d. Revista Espa\u00f1ola de Derecho Constitucional 45 (septiembre\/diciembre 1995), pp. 422-424. ISSN: 0211-5743<\/p>\n<p style=\"text-align: justify;\">\u201c<span style=\"color: #ff0000;\"><strong>Sophie Boyron &amp; L. Neville Brown: l\u2019affaire Factortame: Droit communautaire contre Droit public anglais<\/strong><\/span>\u201d. Revista Espa\u00f1ola de Derecho Constitucional 45 (septiembre\/diciembre 1995), pp. 424-426. ISSN: 0211-5743<\/p>\n<p style=\"text-align: justify;\">\u201c<span style=\"color: #ff0000;\"><strong>AA.VV.: La Constitution et son interpretation<\/strong><\/span>\u201d. Revista Espa\u00f1ola de Derecho Constitucional 46 (enero\/abril 1996), pp. 377-379. ISSN: 0211-5743<\/p>\n<p style=\"text-align: justify;\">\u201c<span style=\"color: #ff0000;\"><strong>Jean-Paul Valette: le pouvoir dans les \u201cPrincipes du Droit politique\u201d de Jean-Jacques Burlamaqui<\/strong><\/span>\u201d. Revista Espa\u00f1ola de Derecho Constitucional 46 (enero\/abril 1996), pp. 374-377. ISSN: 0211-5743<\/p>\n<p style=\"text-align: justify;\">\u201c<span style=\"color: #ff0000;\"><strong>Ricardo Garc\u00eda Macho: secreto profesional y libertad de expresi\u00f3n del funcionario<\/strong><\/span>\u201d. Revista Espa\u00f1ola de Derecho Constitucional 46 (enero\/abril 1996), pp. 357-359. ISSN: 0211-5743<\/p>\n<p style=\"text-align: justify;\">\u201c<span style=\"color: #ff0000;\"><strong>Ricardo Mart\u00edn Morales: El r\u00e9gimen constitucional del secreto de las comunicaciones<\/strong><\/span>\u201d. Revista Espa\u00f1ola de Derecho Constitucional 46 (enero\/abril 1996), pp. 360-362. ISSN: 0211-5743<\/p>\n<p style=\"text-align: justify;\">\u201c<span style=\"color: #ff0000;\"><strong>Paloma Biglino Campos (ed.): el Procurador del Com\u00fan: Defensor del Pueblo y Comunidades Aut\u00f3nomas (Jornadas celebrada los d\u00edas 27 y 28 de octubre de 1994)<\/strong><\/span>\u201d. Revista Espa\u00f1ola de Derecho Constitucional 47 (mayo\/agosto 1996), pp. 395-398. ISSN: 0211-5743<\/p>\n<p style=\"text-align: justify;\">\u201c<span style=\"color: #ff0000;\"><strong>Ghislaine Alberton: l\u2019article 88-4 de la Constitution ou l\u2019av\u00e8nement d\u2019un nouveau Janus constitutionnel<\/strong><\/span>\u201d. Revista Espa\u00f1ola de Derecho Constitucional 47 (mayo\/agosto 1996), pp. 425-426. ISSN: 0211-5743<\/p>\n<p style=\"text-align: justify;\">\u201c<span style=\"color: #ff0000;\"><strong>Marie-Pauline Deswarte: droits sociaux et Etat de Droit<\/strong><\/span>\u201d. Revista Espa\u00f1ola de Derecho Constitucional 47 (mayo\/agosto 1996), pp. 423-425. ISSN: 0211-5743<\/p>\n<p style=\"text-align: justify;\">\u201c<span style=\"color: #ff0000;\"><strong>AA.VV. (XVI Jornadas de Estudio de la Direcci\u00f3n General del Servicio Jur\u00eddico del Estado): la Constituci\u00f3n espa\u00f1ola en el ordenamiento jur\u00eddico comunitario (I)<\/strong><\/span>\u201d. Revista de Estudios Europeos 13 (mayo\/agosto 1996), pp. 114-116. ISSN: 1132-7170<\/p>\n<p style=\"text-align: justify;\">\u201c<span style=\"color: #ff0000;\"><strong>Araceli Mangas Mart\u00edn &amp; Diego J. Li\u00f1\u00e1n Nogueras: instituciones y Derecho de la Uni\u00f3n Europea<\/strong><\/span>\u201d. Revista Espa\u00f1ola de Derecho Constitucional 48 (septiembe\/diciembre 1996), pp. 341-343. ISSN: 0211-5743<\/p>\n<p style=\"text-align: justify;\">\u201c<span style=\"color: #ff0000;\"><strong>Fran\u00e7ois Luchaire: la vid\u00e9osurveillance et la fouill\u00e9 des voitures devant le Conseil Constitutionnel<\/strong><\/span>\u201d. Revista Espa\u00f1ola de Derecho Constitucional 48 (septiembe\/diciembre 1996), pp. 354-356. ISSN: 0211-5743<\/p>\n<p style=\"text-align: justify;\">\u201c<span style=\"color: #ff0000;\"><strong>Olivier Passelecq: actualit\u00e9 de la Constitution de l\u2019an III<\/strong><\/span>\u201d. Revista Espa\u00f1ola de Derecho Constitucional 48 (septiembe\/diciembre 1996), pp. 359-362. ISSN: 0211-5743<\/p>\n<p style=\"text-align: justify;\">\u201c<span style=\"color: #ff0000;\"><strong>Corinne Touret: l\u2019exercice du droit de suffrage des citoyens de l\u2019Union aux \u00e9lections europ\u00e9ennes<\/strong><\/span>\u201d. Revista Espa\u00f1ola de Derecho Constitucional 48 (septiembe\/diciembre 1996), pp. 357-359. ISSN: 0211-5743<\/p>\n<p style=\"text-align: justify;\">\u201c<span style=\"color: #ff0000;\"><strong>Araceli Mangas Mart\u00edn &amp; Diego J. Li\u00f1\u00e1n Nogueras: instituciones y Derecho de la Uni\u00f3n Europea<\/strong><\/span>\u201d. Revista de Estudios Europeos 14 (septiembre\/diciembre 1996), pp. 117-118. ISSN: 1132-7170<\/p>\n<p style=\"text-align: justify;\">\u201c<span style=\"color: #ff0000;\"><strong>Fran\u00e7ois Luchaire: La loi constitutionne\u00fce du 4 ao\u00fct 1995, une avanc\u00e9e pour la d\u00e9mocratie?<\/strong><\/span>\u201d. Revista Espa\u00f1ola de Derecho Constitucional 49 (enero\/abril 1997), pp. 391-394. ISSN: 0211-5743<\/p>\n<p style=\"text-align: justify;\">\u201c<span style=\"color: #ff0000;\"><strong>Fran\u00e7ois Luchaire: Las cons\u00e9quences de la r\u00e9forme constitutionnelle du 4 ao\u00fbt 1995<\/strong><\/span>\u201d. Revista Espa\u00f1ola de Derecho Constitucional 49 (enero\/abril 1997), pp. 395-398. ISSN: 0211-5743<\/p>\n<p style=\"text-align: justify;\">\u201c<span style=\"color: #ff0000;\"><strong>Jean-Pierre Camby: Coups d\u2019arr\u00eat aux validations l\u00e9gislatives: limites constitutionnelles ou limites jurisprudentielles<\/strong><\/span>?\u201d. Revista Espa\u00f1ola de Derecho Constitucional 49 (enero\/abril 1997), pp. 394-395. ISSN: 0211-5743<\/p>\n<p style=\"text-align: justify;\">\u201c<span style=\"color: #ff0000;\"><strong>Eduardo Garc\u00eda de Enterr\u00eda: Revoluci\u00f3n francesa y Administraci\u00f3n contempor\u00e1nea<\/strong><\/span>\u201d. Revista de Estudios Europeos 15 (enero\/abril 1997), pp. 80-82. ISSN: 1132-7170<\/p>\n<p style=\"text-align: justify;\">\u201c<span style=\"color: #ff0000;\"><strong>Manuel Medina Guerrero: La vinculaci\u00f3n negativa del legislador a los derechos fundamentales<\/strong><\/span>\u201d. Revista de Estudios Pol\u00edticos 96 (abril\/junio 1997), pp. 340-342. ISSN: 0048-7694<\/p>\n<p style=\"text-align: justify;\">\u201c<span style=\"color: #ff0000;\"><strong>Michel Fromont: La justice constitutionnelle dans le monde<\/strong><\/span>\u201d. Revista Espa\u00f1ola de Derecho Constitucional 50 (mayo\/agosto 1997), pp. 304-308. ISSN: 0211-5743<\/p>\n<p style=\"text-align: justify;\">\u201c<span style=\"color: #ff0000;\"><strong>Jean Beaut\u00e9: Le R\u00e8glement int\u00e9rieur de la Chambre des Communes britannique d\u2019hier \u00e0 aujourd\u2019hui<\/strong><\/span>\u201d. Revista Espa\u00f1ola de Derecho Constitucional 50 (mayo\/agosto 1997), pp. 315-317. ISSN: 0211-5743<\/p>\n<p style=\"text-align: justify;\">\u201c<span style=\"color: #ff0000;\"><strong>Louis Dubouis: La responsabilit\u00e9 de l\u2019\u00c9tat l\u00e9gislateur pour les dommages caus\u00e9s aux particuliers par la violation du Droit communautaire et son incidence sur la responsabilit\u00e9 de la Communaut\u00e9 (\u00e0 propos de l\u2019arr\u00eat de la Cour de Justice des Communaut\u00e9s Europ\u00e9ennes du 5 mars 1996, Brasserie du P\u00eacheur et Factortame, affaires jointes C 46\/93 et C 48\/93)<\/strong><\/span>\u201d. Revista Espa\u00f1ola de Derecho Constitucional 50 (mayo\/agosto 1997), pp. 317-319. ISSN: 0211-5743<\/p>\n<p style=\"text-align: justify;\">\u201c<span style=\"color: #ff0000;\"><strong>Manuel Rodr\u00edguez Carrajo: Pol\u00edtica educativa de la Uni\u00f3n Europe<\/strong><\/span>a\u201d. Revista de Estudios Europeos 16 (mayo\/agosto 1997), pp. 92-93. ISSN: 1132-7170<\/p>\n<p style=\"text-align: justify;\">\u201c<span style=\"color: #ff0000;\"><strong>Antonio-Luis Mart\u00ednez-Pujalte: La garant\u00eda del contenido esencial de los derechos fundamentale<\/strong><\/span>s\u201d. Revista Espa\u00f1ola de Derecho Constitucional 51 (septiembre\/diciembre 1997), pp. 389-391. ISSN: 0211-5743<\/p>\n<p style=\"text-align: justify;\">\u201c<span style=\"color: #ff0000;\"><strong>Anuar\u00edo Jur\u00eddico de La Rioja 1 (1995)<\/strong><\/span>\u201d. Revista Espa\u00f1ola de Derecho Constitucional 51 (septiembre\/diciembre 1997), pp. 399-401. ISSN: 0211-5743<\/p>\n<p style=\"text-align: justify;\">\u201c<span style=\"color: #ff0000;\"><strong>Vida Azimi: La Constitution et ses limites selon Edouard de Laboulay<\/strong><\/span>e\u201d. Revista Espa\u00f1ola de Derecho Constitucional 51 (septiembre\/diciembre 1997), pp. 401-403. ISSN: 0211-5743<\/p>\n<p style=\"text-align: justify;\">\u201c<span style=\"color: #ff0000;\"><strong>Lo\u00efc Philip: La r\u00e9vision constitutionnelle du 22 f\u00e9vrier 1996<\/strong><\/span>\u201d. Revista Espa\u00f1ola de Derecho Constitucional 51 (septiembre\/diciembre 1997), pp. 403-404. ISSN: 0211-5743<\/p>\n<p style=\"text-align: justify;\">\u201c<span style=\"color: #ff0000;\"><strong>Fran\u00e7ois Luchaire: Le Conseil Constitutionnel devant la r\u00e9pression du terrorisme et des atteintes aux personnes d\u00e9positaires de l\u2019autorit\u00e9 publiq<\/strong><\/span>ue\u201d. Revista Espa\u00f1ola de Derecho Constitucional 51 (septiembre\/diciembre 1997), pp. 407-409. ISSN: 0211-5743<\/p>\n<p style=\"text-align: justify;\">\u201c<span style=\"color: #ff0000;\"><strong>Finn Laursen &amp; Spyros A. Pappas (Eds.): The changing role of Parliaments in the European Union<\/strong><\/span>\u201d. Revista de Estudios Europeos 17 (septiembre\/diciembre 1997), pp. 113-114. ISSN: 1132-7170<\/p>\n<p style=\"text-align: justify;\">\u201c<span style=\"color: #ff0000;\"><strong>Juan Carlos Gavara de Cara: El sistema de organizaci\u00f3n del ejercicio del derecho de reuni\u00f3n y manifestaci\u00f3n<\/strong><\/span>\u201d. Revista Espa\u00f1ola de Derecho Constitucional 52 (enero\/abril 1998), pp. 331-335. ISSN: 0211-5743<\/p>\n<p style=\"text-align: justify;\">\u201c<span style=\"color: #ff0000;\"><strong>AA.VV.: Les Constitutions nationales face au Droit europ\u00e9en<\/strong><\/span>\u201d. Revista Espa\u00f1ola de Derecho Constitucional 52 (enero\/abril 1998), pp. 359-361. ISSN: 0211-5743<\/p>\n<p style=\"text-align: justify;\">\u201c<span style=\"color: #ff0000;\"><strong>Francis Hamon: Le choix d\u2019un syst\u00e8me \u00e9lectoral par la voie r\u00e9f\u00e9rendaire<\/strong><\/span>\u201d. Revista Espa\u00f1ola de Derecho Constitucional 52 (enero\/abril 1998), pp. 362-363. ISSN: 0211-5743<\/p>\n<p style=\"text-align: justify;\">\u201c<span style=\"color: #ff0000;\"><strong>Thibaut de Berranger: Constitutions nationales et construction communautaire<\/strong><\/span>\u201d. Revista de Estudios Europeos 18 (enero\/abril 1998), pp. 107-108. ISSN: 1132-7170<\/p>\n<p style=\"text-align: justify;\">\u201c<span style=\"color: #ff0000;\"><strong>Thomas Meindl: Le contr\u00f4le de constitutionnalit\u00e9 des actes de Droit communautaire d\u00e9riv\u00e9 en France: la possibilit\u00e9 d\u2019une jurisprudence Solange II<\/strong><\/span>\u201d. Revista Espa\u00f1ola de Derecho Constitucional 53 (mayo\/agosto 1998), pp. 405-409. ISSN: 0211-5743<\/p>\n<p style=\"text-align: justify;\">\u201c<span style=\"color: #ff0000;\"><strong>Francisco Rubio Llorente y Mariano Daranas Pel\u00e1ez: Constituciones de los Estados de la Uni\u00f3n Europea; Javier D\u00edez-Hochleitner y Carmen Mart\u00ednez Capdevila: Derecho comunitario europeo. Tratados y otros textos anotados. Jurisprudencia del Tribunal de Justicia de las Comunidades Europeas; Eduardo Garc\u00eda de Enterr\u00eda, Antonio Tizzano y Ricardo Alonso Garc\u00eda: C\u00f3digo de la Uni\u00f3n Europea<\/strong><\/span>\u201d. Revista de Estudios Europeos 19 (mayo\/agosto 1998), pp. 110-112. ISSN: 1132-7170<\/p>\n<p style=\"text-align: justify;\">\u00ab<span style=\"color: #ff0000;\"><strong>Ana M. Carmona Contreras: La configuraci\u00f3n constitucional del Decreto-Ley<\/strong><\/span>\u00ab. Revista Espa\u00f1ola de Derecho Constitucional 54 (septiembre\/diciembre 1998), pp. 398-403. ISSN: 0211-5743<\/p>\n<p style=\"text-align: justify;\">\u00ab<span style=\"color: #ff0000;\"><strong>Marc Verdussen (dir.): La justice constitutionnelle en Europe centrale<\/strong><\/span>\u00ab. Revista Espa\u00f1ola de Derecho Constitucional 54 (septiembre\/diciembre 1998), pp. 403-407. ISSN: 0211-5743<\/p>\n<p style=\"text-align: justify;\">\u201c<span style=\"color: #ff0000;\"><strong>Otto Pfersmann: Carr\u00e9 de Malberg et la hi\u00e9rarchie des normes<\/strong><\/span>\u201d. Revista Espa\u00f1ola de Derecho Constitucional 54 (septiembre\/diciembre 1998), pp. 417-419. ISSN: 0211-5743<\/p>\n<p style=\"text-align: justify;\">\u201c<span style=\"color: #ff0000;\"><strong>Ana Isabel S\u00e1nchez Ruiz: Federalismo e integraci\u00f3n europea: la distribuci\u00f3n de competencias en los sistemas alem\u00e1n y comunitari<\/strong><\/span>o\u201d. Revista de Estudios Europeos 20 (septiembre\/diciembre 1998), pp. 147-151. ISSN: 1132-7170<\/p>\n<p style=\"text-align: justify;\">\u201c<span style=\"color: #ff0000;\"><strong>J\u00e9r\u00f4me Tremeau: La r\u00e9serve de loi. Comp\u00e9tence l\u00e9gislative et Constitution<\/strong><\/span>\u201d. Revista Espa\u00f1ola de Derecho Constitucional 55 (enero\/abril 1999), pp. 372-377. ISSN: 0211-5743<\/p>\n<p style=\"text-align: justify;\">\u201c<span style=\"color: #ff0000;\"><strong>Olivier Beaud: Le traitement constitutionnel de l\u2019affaire du sang contamin\u00e9. R\u00e9flexions critiques sur la criminalisation de la responsabilit\u00e9 des ministres et sur la criminalisation du droit constitutionnel<\/strong><\/span>\u201d. Revista Espa\u00f1ola de Derecho Constitucional 55 (enero\/abril 1999), pp. 394-397. ISSN: 0211-5743<\/p>\n<p style=\"text-align: justify;\">\u201c<span style=\"color: #ff0000;\"><strong>Pierre Bon: Le r\u00e9f\u00e9rendum dans les Droits ib\u00e9riques<\/strong><\/span>\u201d. Revista Espa\u00f1ola de Derecho Constitucional 55 (enero\/abril 1999), pp. 397-401. ISSN: 0211-5743<\/p>\n<p style=\"text-align: justify;\">\u00ab<span style=\"color: #ff0000;\"><strong>Marcelino Oreja Aguirre (dir.) y Francisco J. Fonseca Morillo (coord.): El Tratado de Amsterdam. An\u00e1lisis y comentarios<\/strong><\/span>\u00ab. Revista de Estudios Europeos 21 (enero\/abril 1999), pp. 96-98. ISSN: 1132-7170<\/p>\n<p style=\"text-align: justify;\">\u00ab<span style=\"color: #ff0000;\"><strong>Alejandro Ruiz-Huerta Carbonell: Iniciativa legislativa no gubernamental en Espa\u00f1a<\/strong><\/span>\u00ab. Revista Espa\u00f1ola de Derecho Constitucional 56 (mayo\/agosto 1999), pp. 317-321. ISSN: 0211-5743<\/p>\n<p style=\"text-align: justify;\">\u00ab<span style=\"color: #ff0000;\"><strong>Jacqueline Dutheil de la Roch\u00e8re, Nicolas Grief y Malcolm A. Jarvis: L&#8217;application du Droit communautaire par les juridictions britaniques (1996\/1997<\/strong><\/span>)\u00bb. Revista Espa\u00f1ola de Derecho Constitucional 56 (mayo\/agosto 1999), pp. 340-342. ISSN: 0211-5743<\/p>\n<p style=\"text-align: justify;\">\u00ab<span style=\"color: #ff0000;\"><strong>Jean-Fran\u00e7ois Akndji-Komb\u00e9: Jurisprudence communautaire r\u00e9cente en mati\u00e8re de droits fondamentaux (1er d\u00e9cembre 1996-30 novembre 1997)<\/strong><\/span>\u00ab. Revista Espa\u00f1ola de Derecho Constitucional 56 (mayo\/agosto 1999), pp. 337-339. ISSN: 0211-5743<\/p>\n<p style=\"text-align: justify;\">\u00ab<span style=\"color: #ff0000;\"><strong>Rainer Arnold: L&#8217;Union mon\u00e9taire europ\u00e9enne et la Constitution allemande<\/strong><\/span>\u00ab. Revista Espa\u00f1ola de Derecho Constitucional 56 (mayo\/agosto 1999), pp. 342-344. ISSN: 0211-5743<\/p>\n<p style=\"text-align: justify;\">\u201c<span style=\"color: #ff0000;\"><strong>Gurutz J\u00e1uregui: Los nacionalismos minoritarios y la Uni\u00f3n Europea: \u00bfutop\u00eda o ucron\u00eda?<\/strong><\/span>\u201d. Revista de Estudios Europeos 22 (mayo\/agosto 1999), pp. 123-125. ISSN: 1132-7170<\/p>\n<p style=\"text-align: justify;\">\u201c<span style=\"color: #ff0000;\"><strong>Pedro Cruz Villal\u00f3n, Julio Diego Gonz\u00e1lez Campos y Miguel Rodr\u00edguez-Pi\u00f1ero y Bravo-Ferrer: Tres lecciones sobre la Constituci\u00f3n<\/strong><\/span>\u201d. Revista Espa\u00f1ola de Derecho Constitucional 57 (septiembre\/diciembre 1999), pp. 357-360. ISSN: 0211-5743<\/p>\n<p style=\"text-align: justify;\">\u201c<span style=\"color: #ff0000;\"><strong>John James Park: Los dogmas de la Constituci\u00f3n (1832)<\/strong><\/span>\u201d. Revista Espa\u00f1ola de Derecho Constitucional 57 (septiembre\/diciembre 1999), pp. 364-367. ISSN: 0211-5743<\/p>\n<p style=\"text-align: justify;\">\u201c<span style=\"color: #ff0000;\"><strong>Jean-Fran\u00e7ois Flauss: La Cour Europ\u00e9enne des droits de l\u2019homme est-elle une Cour constitutionnelle?<\/strong><\/span>\u201d. Revista Espa\u00f1ola de Derecho Constitucional 57 (septiembre\/diciembre 1999), pp. 380-382. ISSN: 0211-5743<\/p>\n<p style=\"text-align: justify;\">\u201c<span style=\"color: #ff0000;\"><strong>Francis Delp\u00e9r\u00e9e: Les rapports de coh\u00e9rence entre le Droit constitutionnel et le Droit international public. D\u00e9veloppements r\u00e9cents en Belgigue<\/strong><\/span>\u201d. Revista Espa\u00f1ola de Derecho Constitucional 57 (septiembre\/diciembre 1999), pp. 377-380. ISSN: 0211-5743<\/p>\n<p style=\"text-align: justify;\">\u00ab<span style=\"color: #ff0000;\"><strong>Monserrat Pi Llorens: Los derechos fundamentales en el ordenamiento comunitario<\/strong><\/span>\u00ab. Revista de Estudios Europeos 23 (septiembre\/diciembre 1999), pp. 148-149. ISSN: 1132-7170<\/p>\n<p style=\"text-align: justify;\">\u201c<span style=\"color: #ff0000;\"><strong>Philipp Heck: El problema de la creaci\u00f3n del Derecho<\/strong><\/span>\u201d. Revista Espa\u00f1ola de Derecho Constitucional 58 (enero\/abril 2000), pp. 391-394. ISSN: 0211-5743<\/p>\n<p style=\"text-align: justify;\">\u201c<span style=\"color: #ff0000;\"><strong>Juan Manuel L\u00f3pez Ulla: Or\u00edgenes constitucionales del control judicial de las leyes<\/strong><\/span>\u201d. Revista Espa\u00f1ola de Derecho Constitucional 58 (enero\/abril 2000), pp. 389-391. ISSN: 0211-5743<\/p>\n<p style=\"text-align: justify;\">\u201c<span style=\"color: #ff0000;\"><strong>G\u00e9rard Teboul: Ordre juridique international et ordre juridique interne<\/strong><\/span>\u201d. Revista Espa\u00f1ola de Derecho Constitucional 58 (enero\/abril 2000), pp. 402-404. ISSN: 0211-5743<\/p>\n<p style=\"text-align: justify;\">\u201c<span style=\"color: #ff0000;\"><strong>Jean-Fran\u00e7ois Flauss: Contr\u00f4le de conventionnalit\u00e9 et contr\u00f4le de constitutionnalit\u00e9 devant le juge administratif<\/strong><\/span>\u201d. Revista Espa\u00f1ola de Derecho Constitucional 58 (enero\/abril 2000), pp. 399-401. ISSN: 0211-5743<\/p>\n<p style=\"text-align: justify;\">\u201c<span style=\"color: #ff0000;\"><strong>Antonio Truyol y Serra: La integraci\u00f3n europea. An\u00e1lisis hist\u00f3rico-institucional con textos y documentos I: G\u00e9nesis y desarrollo de la Comunidad Europea (1951-1979<\/strong><\/span>)\u201d. Revista de Estudios Europeos 24 (enero\/abril 2000), pp. 141-143. ISSN: 1132-7170<\/p>\n<p style=\"text-align: justify;\">\u201c<span style=\"color: #ff0000;\"><strong>Angel G. Chueca Sancho: Los derechos fundamentales en la Uni\u00f3n Europea<\/strong><\/span>s\u201d. Revista Espa\u00f1ola de Derecho Constitucional 59 (mayo\/agosto 2000), pp. 401-405. ISSN: 0211-5743<\/p>\n<p style=\"text-align: justify;\">\u201c<span style=\"color: #ff0000;\"><strong>Francisco Jos\u00e9 Contreras Pel\u00e1ez: Defensa del Estado social<\/strong><\/span>\u201d. Revista Espa\u00f1ola de Derecho Constitucional 59 (mayo\/agosto 2000), pp. 411-416. ISSN: 0211-5743<\/p>\n<p style=\"text-align: justify;\">\u201c<span style=\"color: #ff0000;\"><strong>Jean-Pierre Camby: Une loi promulgu\u00e9e, frapp\u00e9e d\u2019inconstitutionnalit\u00e9?<\/strong><\/span>\u201d. Revista Espa\u00f1ola de Derecho Constitucional 59 (mayo\/agosto 2000), pp. 426-427. ISSN: 0211-5743<\/p>\n<p style=\"text-align: justify;\">\u201c<span style=\"color: #ff0000;\"><strong>Ferran Brunet: Curso de integraci\u00f3n europea<\/strong><\/span>\u201d. Revista de Estudios Europeos 25 (mayo\/agosto 2000), pp. 130-132. ISSN: 1132-7170<\/p>\n<p style=\"text-align: justify;\">\u00ab<span style=\"color: #ff0000;\"><strong>Ricardo Alonso Garc\u00eda e Ignacio Torres Muro: La Ley brit\u00e1nica de derechos humanos (Human Rights Act 1998): una evoluci\u00f3n a conciencia<\/strong><\/span>\u201d. Revista Espa\u00f1ola de Derecho Constitucional 60 (septiembre\/diciembre 2000), pp. 399-403. ISSN: 0211-5743<\/p>\n<p style=\"text-align: justify;\">\u201c<span style=\"color: #ff0000;\"><strong>Thierry S Renoux,: Le pouvoir judiciaire en France et Europe continentale: approche comparative<\/strong><\/span>\u201d. Revista Espa\u00f1ola de Derecho Constitucional 60 (septiembre\/diciembre 2000), pp. 393-396. ISSN: 0211-5743<\/p>\n<p style=\"text-align: justify;\">\u201c<span style=\"color: #ff0000;\"><strong>Christophe de la Mardi\u00e8re: Retour sur la valeur juridique de la D\u00e9claration de 1789<\/strong><\/span>\u201d. Revista Espa\u00f1ola de Derecho Constitucional 60 (septiembre\/diciembre 2000), pp. 389-393. ISSN: 0211-5743<\/p>\n<p style=\"text-align: justify;\">\u201c<span style=\"color: #ff0000;\"><strong>Eduardo Garc\u00eda de Enterr\u00eda: La lengua de los derechos. La formaci\u00f3n del Derecho p\u00fablico europeo tras la revoluci\u00f3n francesa<\/strong><\/span>\u201d. Revista de Estudios Europeos 26 (septiembre\/diciembre 2000), pp. 77-81. ISSN: 1132-7170<\/p>\n<p style=\"text-align: justify;\">\u00ab<span style=\"color: #ff0000;\"><strong>Trevor C. Hartley: Constitutional problems on the European Union<\/strong><\/span>\u00ab. Revista Espa\u00f1ola de Derecho Constitucional 61 (enero\/abril 2001), pp. 403-407. ISSN: 0211-5743<\/p>\n<p style=\"text-align: justify;\">\u00ab<span style=\"color: #ff0000;\"><strong>Ferdinand M\u00e9lin-Socramanien: La R\u00e9publique contre Babel (\u00e0 propos de la d\u00e9cision du Conseil Constitutionnel n\u00ba 99-412 DC du 15 juin 1999, charte europ\u00e9enne des langues r\u00e9gionales ou minoritaires<\/strong><\/span>\u00ab. Revista Espa\u00f1ola de Derecho Constitucional 61 (enero\/abril 2001), pp. 429-432. ISSN: 0211-5743<\/p>\n<p style=\"text-align: justify;\">\u00ab<span style=\"color: #ff0000;\"><strong>Fran\u00e7ois Luchaire: La souverainet\u00e9<\/strong><\/span>\u00ab. Revista Espa\u00f1ola de Derecho Constitucional 61 (enero\/abril 2001), pp. 427-429. ISSN: 0211-5743<\/p>\n<p style=\"text-align: justify;\">\u00ab<span style=\"color: #ff0000;\"><strong>Tania Groppi: Le r\u00e9gionalisme italien aujourd&#8217;hui: un \u00c9tat r\u00e9gional \u00e0 tendance municipal<\/strong><\/span>e\u00bb. Revista Espa\u00f1ola de Derecho Constitucional 61 (enero\/abril 2001), pp. 432-434. ISSN: 0211-5743<\/p>\n<p style=\"text-align: justify;\">\u201c<span style=\"color: #ff0000;\"><strong>Antonio Calonge Vel\u00e1zquez e I\u00f1igo Sanz Rubiales: El Comit\u00e9 de las Regiones (an\u00e1lisis de una \u00bffutura Instituci\u00f3n?)<\/strong><\/span>\u201d. Revista de Estudios Europeos 27 (enero\/abril 2001), pp. 102-105. ISSN: 1132-7170<\/p>\n<p style=\"text-align: justify;\">\u00ab<span style=\"color: #ff0000;\"><strong>Charles Zorgbibe: Histoire de la construction europ\u00e9enne<\/strong><\/span>\u00ab. Revista Espa\u00f1ola de Derecho Constitucional 62 (mayo\/agosto 2001), pp. 365-367. ISSN: 0211-5743<\/p>\n<p style=\"text-align: justify;\">\u00ab<span style=\"color: #ff0000;\"><strong>John Bell: La r\u00e9volution constitutionnelle au Royame-Uni<\/strong><\/span>\u00ab. Revista Espa\u00f1ola de Derecho Constitucional 62 (mayo\/agosto 2001), pp. 385-387. ISSN: 0211-5743<\/p>\n<p style=\"text-align: justify;\">\u00ab<span style=\"color: #ff0000;\"><strong>Xavier Pr\u00e9tot: La Cour de Cassation, la Constitution et les trait\u00e9s<\/strong><\/span>\u201d. Revista Espa\u00f1ola de Derecho Constitucional 62 (mayo\/agosto 2001), pp. 387-389. ISSN: 0211-5743<\/p>\n<p style=\"text-align: justify;\">\u00ab<span style=\"color: #ff0000;\"><strong>Rafael Bustos Gisbert: Relaciones internacionales y Comunidades Aut\u00f3nomas<\/strong><\/span>\u00ab. Revista de Estudios Europeos 28 (mayo\/agosto 2001), pp. 92-96. ISSN: 1132-7170<\/p>\n<p style=\"text-align: justify;\">\u00ab<span style=\"color: #ff0000;\"><strong>Koen Lenaerts adn Piet Van Nuffel: Constitutional Law of the European Union<\/strong><\/span>\u00ab. Revista de Estudios Europeos 28 (mayo\/agosto 2001), pp. 102-104. ISSN: 1132-7170<\/p>\n<p style=\"text-align: justify;\">\u00ab<span style=\"color: #ff0000;\"><strong>Luigi Fumagalli: La responsabilit\u00e0 degli Stati membri per la violazione del Diritto comunitario<\/strong><\/span>\u00ab. Revista Espa\u00f1ola de Derecho Constitucional 63 (septiembre\/diciembre 2001), pp. 350-354. ISSN: 0211-5743<\/p>\n<p style=\"text-align: justify;\">\u201c<span style=\"color: #ff0000;\"><strong>Florence Chaltiel: Droit constitutionnel et Droit communautaire<\/strong><\/span>\u00ab. Revista Espa\u00f1ola de Derecho Constitucional 63 (septiembre\/diciembre 2001), pp. 367-369. ISSN: 0211-5743<\/p>\n<p style=\"text-align: justify;\">\u00ab<strong><span style=\"color: #ff0000;\">Jean-Paul Valette: Le pouvoir chez John Locke<\/span><\/strong>\u201d. Revista Espa\u00f1ola de Derecho Constitucional 63 (septiembre\/diciembre 2001), pp. 363-367. ISSN: 0211-5743<\/p>\n<p style=\"text-align: justify;\">\u00ab<span style=\"color: #ff0000;\"><strong>Ana Salinas Fr\u00edas: La protecci\u00f3n de los derechos fundamentales en la Uni\u00f3n Europea<\/strong><\/span>\u00ab. Revista de Estudios Europeos 29 (septiembre\/diciembre 2001), pp. 142-143. ISSN: 1132-7170<br \/>\n\u00ab<span style=\"color: #ff0000;\"><strong>Alain Boyer: La libert\u00e9 de manifestation en Droit constitutionnel<\/strong><\/span>\u00ab. Revista Espa\u00f1ola de Derecho Constitucional 64 (enero\/abril 2002), pp. 360-362. ISSN: 0211-5743<\/p>\n<p style=\"text-align: justify;\">\u00ab<span style=\"color: #ff0000;\"><strong>Jeremy Sarkin: \u201cL&#8217;\u00e9criture de la Constitution sud-africaine de 1996: approche formelle et mat\u00e9rielle<\/strong><\/span>\u00ab. Revista Espa\u00f1ola de Derecho Constitucional 64 (enero\/abril 2002), pp. 357-360. ISSN: 0211-5743<\/p>\n<p style=\"text-align: justify;\">\u00ab<span style=\"color: #ff0000;\"><strong>Joel Rideau (dir): Union Europ\u00e9enne. Commentaire des trait\u00e9s modifi\u00e9s par le Trait\u00e9 de Nice du 26 f\u00e9vrier 2001<\/strong><\/span>\u00ab. Revista Espa\u00f1ola de Derecho Constitucional 64 (enero\/abril 2002), pp. 337-339. ISSN: 0211-5743<\/p>\n<p style=\"text-align: justify;\">\u201c<span style=\"color: #ff0000;\"><strong>Georges Karydis: L\u2019ordre public dans l\u2019ordre juridique communautaire: un concept \u00e0 contenu variable<\/strong><\/span>\u00ab. Revista Espa\u00f1ola de Derecho Constitucional 69 (septiembre\/diciembre 2003), pp. 433-435. ISSN: 0211-5743<\/p>\n<p style=\"text-align: justify;\">\u201c<span style=\"color: #ff0000;\"><strong>Lucia Serena Rossi: Constitutionnalisation de l\u2019Union Europ\u00e9enne et des droits fondamentaux<\/strong><\/span>\u00ab. Revista Espa\u00f1ola de Derecho Constitucional 69 (septiembre\/diciembre 2003), pp. 435-438. ISSN: 0211-5743<\/p>\n<p style=\"text-align: justify;\">\u201c<span style=\"color: #ff0000;\"><strong>Baquero Cruz, Julio : Entre competencia y libre circulaci\u00f3n. El Derecho constitucional econ\u00f3mico de la Comunidad Europea<\/strong><\/span>\u201d. Revista Espa\u00f1ola de Derecho Constitucional 70 (enero\/abril 2004), pp. 399-406. ISSN: 0211-5743<\/p>\n<p style=\"text-align: justify;\">\u201c<strong><span style=\"color: #ff0000;\">Christine Lazerges et Dominique Rousseau : Commentaire de la d\u00e9cision du Conseil Constitutionnel du 13 mars 2003<\/span><\/strong>\u00ab. Revista Espa\u00f1ola de Derecho Constitucional 71 (mayo\/agosto 2004), pp. 429-431. ISSN: 0211-5743<\/p>\n<p style=\"text-align: justify;\">\u201c<span style=\"color: #ff0000;\"><strong>Pedro Mart\u00edn Garc\u00eda : La conexi\u00f3n de antijuridicidad : soluci\u00f3n err\u00f3nea al tema de la ilicitud de las pruebas derivadas de otra originariamente il\u00edcita<\/strong><\/span>\u00ab. Revista Espa\u00f1ola de Derecho Constitucional 71 (mayo\/agosto 2004), pp. 431-435. ISSN: 0211-5743<\/p>\n<p style=\"text-align: justify;\">\u201c<span style=\"color: #ff0000;\"><strong>Ana M\u00aa Carmona Contreras: La conflictiva relaci\u00f3n entre la libertad sindical y negociaci\u00f3n colectiva<\/strong><\/span>\u201d. Revista Espa\u00f1ola de Derecho Constitucional 72 (septiembre\/diciembre 2004), pp. 392-397. ISSN: 0211-5743<\/p>\n<p style=\"text-align: justify;\">\u201c<span style=\"color: #ff0000;\"><strong>Patricia Rodr\u00edguez-Patr\u00f3n: La \u201cautonom\u00eda procesal\u201d del Tribunal Constitucional<\/strong><\/span>\u201d. Revista Espa\u00f1ola de Derecho Constitucional 72 (septiembre\/diciembre 2004), pp. 405-409. ISSN: 0211-5743<\/p>\n<p style=\"text-align: justify;\">\u201c<span style=\"color: #ff0000;\"><strong>Dolphine Pollet: Vers une disparition prochaine des actes parlementaires<\/strong><\/span>?\u201d. Revista Espa\u00f1ola de Derecho Constitucional 72 (septiembre\/diciembre 2004), pp. 411-413. ISSN: 0211-5743<\/p>\n<p style=\"text-align: justify;\">\u201c<span style=\"color: #ff0000;\"><strong>Jorge Alguacil Gonz\u00e1lez-Aurioles: la directiva desde la perspectiva constitucional<\/strong><\/span>\u201d. Revista Espa\u00f1ola de Derecho Constitucional 73 (enero\/abril 2005), pp. 413-417. ISSN: 0211-5743<\/p>\n<p style=\"text-align: justify;\">\u201c<strong><span style=\"color: #ff0000;\">Eduardo Garc\u00eda de Enterr\u00eda: La Sentencia del Tribunal Europeo de Derechos Humanos de 28 de octubre de 2003<\/span><\/strong>\u201d. Revista Espa\u00f1ola de Derecho Constitucional 73 (enero\/abril 2005), pp. 419-420. ISSN: 0211-5743<\/p>\n<p style=\"text-align: justify;\">\u201c<span style=\"color: #ff0000;\"><strong>Esperanza G\u00f3mez Corona y otros (coords.): Una Constituci\u00f3n para la Ciudadan\u00eda de Europa<\/strong><\/span>\u201d. Revista Espa\u00f1ola de Derecho Constitucional 74 (mayo\/agosto 2005), pp. 465-470. ISSN: 0211-5743<\/p>\n<p style=\"text-align: justify;\">\u201c<strong><span style=\"color: #ff0000;\">Jos\u00e9 Antonio Montilla Martos: Derecho de la Uni\u00f3n Europea y Comunidades Aut\u00f3nomas<\/span><\/strong>\u201d. Teor\u00eda y Realidad Constitucional 18 (julio-diciembre 2006), p. 551\u2014556. ISSN: 1139-5583<\/p>\n<p style=\"text-align: justify;\">\u201c<span style=\"color: #ff0000;\"><strong>M\u00aa Dolores Mart\u00ednez Cuevas: R\u00e9gimen jur\u00eddico de los partidos pol\u00edticos<\/strong><\/span>\u201d. Revista Espa\u00f1ola de Derecho Constitucional 80 (mayo\/agosto 2007), pp. 449-456. ISSN: 0211-5743<\/p>\n<p style=\"text-align: justify;\">\u201cCarlos G\u00f3mez de la Escalera: Las competencias legislativas en materia de Derecho civil\u201d. Revista Espa\u00f1ola de Derecho Constitucional 82 (enero\/abril 2008), pp. 439-445. ISSN: 0211-5743<\/p>\n<p style=\"text-align: justify;\">\u201c<strong><span style=\"color: #ff0000;\">Pedro Cruz Villal\u00f3n: (coord.): Hacia la europeizaci\u00f3n de la Constituci\u00f3n espa\u00f1ola<\/span><\/strong>\u201d. Revista Espa\u00f1ola de Derecho Constitucional 83 (mayo\/agosto 2008), pp. 371-376. ISSN: 0211-5743<\/p>\n<p style=\"text-align: justify;\">\u201c<span style=\"color: #ff0000;\"><strong>Leonardo \u00c1lvarez \u00c1lvarez: La lealtad constitucional en la Constituci\u00f3n espa\u00f1ola de 1978<\/strong><\/span>\u201d. Teor\u00eda y Realidad Constitucional 23 (enero\/junio 2009), pp. 548-556. ISSN: 1139-5583<\/p>\n<p style=\"text-align: justify;\">\u201c<span style=\"color: #ff0000;\"><strong>Oscar Alzaga: Del consenso constituyente al conflicto permanente<\/strong><\/span>\u201d. Revista Espa\u00f1ola de Derecho Constitucional 93 (septiembre-diciembre 2011), en prensa. ISSN: 0211-5743<\/p>\n<p style=\"text-align: justify;\">\u201c<span style=\"color: #ff0000;\"><strong>Ignacio Guti\u00e9rrez y Michael Stolleis: El Derecho constitucional de la globalizaci\u00f3n<\/strong><\/span>\u201d. Revista Espa\u00f1ola de Derecho Constitucional 101 (2014), pp. 437 ss. ISSN: 0211-5743<\/p>\n<p style=\"text-align: justify;\">\u201c<span style=\"color: #ff0000;\"><strong>Juan Mar\u00eda Bilbao Ubillos: Leyes pol\u00edticas Espa\u00f1olas 1908-1978 V: Derechos y libertades<\/strong><\/span>\u201d. Revista Espa\u00f1ola de Derecho Constitucional 105 (2015), pp. 451 ss. ISSN: 0211-5743<\/p>\n<p>\u201c<strong><span style=\"color: #ff0000;\">Jos\u00e9 Luis Garc\u00eda Guerrero y Mar\u00eda Luz Mart\u00ednez Alarc\u00f3n: El gobierno de la globalizaci\u00f3n. Estudio comparado<\/span><\/strong>\u201d. Revista de Estudios Pol\u00edticos 199 (2023), pp. 257-266. ISBN: ISSN: 0048-7694.<\/p>\n<p>\u201c<span style=\"color: #ff0000;\"><strong>Las reglas del juego (Francisco Balaguer Callej\u00f3n: Las fuentes del Derecho)<\/strong><\/span>\u201d. <em>Revista Espa\u00f1ola de Derecho Constitucional<\/em>. Revista Espa\u00f1ola de Derecho Constitucional 129 (2023), pp. 339-354.<\/p>\n<p>&nbsp;<\/p>\n","protected":false},"excerpt":{"rendered":"<p>\u201cEmmanuel N\u00e9grier: Le cr\u00e9puscule d\u2019une th\u00e9orie jurisprudentielle: l\u2019\u00e9cran legislatif et les droits communautaire et constitutionnel\u201d. Revista Espa\u00f1ola de Derecho Constitucional 31 (enero\/abril 1991), pp. 306-307. ISSN: 0211-5743 \u201cJean-Fran\u00e7ois Touchard: A propos de l\u2019arr\u00eat Nicolo\u201d. Revista Espa\u00f1ola de Derecho Constitucional 31 (enero\/abril 1991), pp. 307-308. ISSN: 0211-5743 \u201cYves Galmot: el Consejo de Estado franc\u00e9s y el&#8230; <span class=\"more\"><a class=\"more-link\" href=\"https:\/\/albergueweb1.uva.es\/javiermatia\/recensiones\/\">Continue reading <span class=\"meta-nav\">&#8594;<\/span><\/a><\/span><\/p>\n","protected":false},"author":1,"featured_media":796,"comment_status":"closed","ping_status":"closed","sticky":false,"template":"","format":"standard","meta":{"ngg_post_thumbnail":0,"footnotes":""},"categories":[7],"tags":[],"class_list":["post-26","post","type-post","status-publish","format-standard","has-post-thumbnail","hentry","category-escritos"],"_links":{"self":[{"href":"https:\/\/albergueweb1.uva.es\/javiermatia\/wp-json\/wp\/v2\/posts\/26","targetHints":{"allow":["GET"]}}],"collection":[{"href":"https:\/\/albergueweb1.uva.es\/javiermatia\/wp-json\/wp\/v2\/posts"}],"about":[{"href":"https:\/\/albergueweb1.uva.es\/javiermatia\/wp-json\/wp\/v2\/types\/post"}],"author":[{"embeddable":true,"href":"https:\/\/albergueweb1.uva.es\/javiermatia\/wp-json\/wp\/v2\/users\/1"}],"replies":[{"embeddable":true,"href":"https:\/\/albergueweb1.uva.es\/javiermatia\/wp-json\/wp\/v2\/comments?post=26"}],"version-history":[{"count":7,"href":"https:\/\/albergueweb1.uva.es\/javiermatia\/wp-json\/wp\/v2\/posts\/26\/revisions"}],"predecessor-version":[{"id":1916,"href":"https:\/\/albergueweb1.uva.es\/javiermatia\/wp-json\/wp\/v2\/posts\/26\/revisions\/1916"}],"wp:featuredmedia":[{"embeddable":true,"href":"https:\/\/albergueweb1.uva.es\/javiermatia\/wp-json\/wp\/v2\/media\/796"}],"wp:attachment":[{"href":"https:\/\/albergueweb1.uva.es\/javiermatia\/wp-json\/wp\/v2\/media?parent=26"}],"wp:term":[{"taxonomy":"category","embeddable":true,"href":"https:\/\/albergueweb1.uva.es\/javiermatia\/wp-json\/wp\/v2\/categories?post=26"},{"taxonomy":"post_tag","embeddable":true,"href":"https:\/\/albergueweb1.uva.es\/javiermatia\/wp-json\/wp\/v2\/tags?post=26"}],"curies":[{"name":"wp","href":"https:\/\/api.w.org\/{rel}","templated":true}]}}