{"id":389,"date":"2015-07-21T17:05:18","date_gmt":"2015-07-21T17:05:18","guid":{"rendered":"http:\/\/albergueweb.uva.es\/javiermatia\/?page_id=389"},"modified":"2019-10-06T19:29:02","modified_gmt":"2019-10-06T19:29:02","slug":"trabajos-docentes","status":"publish","type":"post","link":"https:\/\/albergueweb1.uva.es\/javiermatia\/trabajos-docentes\/","title":{"rendered":"Trabajos docentes"},"content":{"rendered":"<p style=\"text-align: justify;\"><strong>ARTICULOS SOBRE METODOLOG\u00cdA DOCENTE<\/strong><\/p>\n<p style=\"text-align: justify;\">1997 &#8211; <span style=\"color: #ff0000;\"><strong>El impacto del Derecho Comunitario en los ordenamientos nacionales: Programa, materiales y bibliograf\u00eda<\/strong><\/span>. &nbsp; <strong><a href=\"https:\/\/albergueweb1.uva.es\/javiermatia\/wp-content\/uploads\/2015\/08\/1997-ImpactoDCenlosON.pdf\" target=\"_blank\" rel=\"noopener noreferrer\">Primeras p\u00e1ginas<\/a><\/strong><\/p>\n<p style=\"text-align: justify;\">Este volumen, autoeditado en la Facultad de Derecho, recog\u00eda el programa y los materiales utilizados en el curso de Doctorado impartido en el curso 1997-1998, al modo de los Syllabus que hab\u00eda empleado en la Universidad Libre de Bruselas. Solamente se facilitan las primeras p\u00e1ginas, en la que se determina el contenido global de la obra.<\/p>\n<p>&nbsp;<\/p>\n<p style=\"text-align: justify;\">1998 &#8211; <strong><span style=\"color: #ff0000;\">Proyecto docente<\/span><\/strong> (In\u00e9dito) &nbsp;LIBRO COMPLETO: &nbsp;<strong><a href=\"https:\/\/albergueweb1.uva.es\/javiermatia\/wp-content\/uploads\/2015\/08\/1988-Proyecto-Docente-1.-Texto.pdf\" target=\"_blank\" rel=\"noopener noreferrer\">Texto<\/a><\/strong> &nbsp;\/ <strong><a href=\"https:\/\/albergueweb1.uva.es\/javiermatia\/wp-content\/uploads\/2015\/08\/1988-Proyecto-Docente-2.-Bibliografia.pdf\" target=\"_blank\" rel=\"noopener noreferrer\">Anexo bibliogr\u00e1fico<\/a><\/strong><\/p>\n<p style=\"text-align: justify;\">Proyecto docente e investigador presentado por el Doctor Don Francisco Javier MATIA PORTILLA al Concurso de acceso a una plaza de Profesor Titular de Derecho Constitucional en la Facultad de Derecho de la Universidad de Valladolid (Resoluci\u00f3n de 2 de octubre de 1997, BOE n\u00fam. 256, de 25 de octubre, p. 30904 y ss.). Valladolid, 1998.<\/p>\n<p>&nbsp;<\/p>\n<p style=\"text-align: justify;\">2010 &#8211; <strong><span style=\"color: #ff0000;\"><em>El proceso de Bolonia y las nuevas metodolog\u00edas docentes en el Derecho Constitucional <\/em>(coord.)<\/span>.<\/strong><\/p>\n<p style=\"text-align: justify;\"><em>Revista General de Derecho Constitucional<\/em> 9, abril 2010. ISNN: 1886-6212<\/p>\n<p style=\"text-align: justify;\">El contenido monogr\u00e1fico del presente volumen recogi\u00f3 los siguientes estudios: \u00abA prop\u00f3sito de Bolonia: \u00bfquo vadis la Universidad espa\u00f1ola?\u00bb (Francesc de Carreras Serra), \u00abEl proceso de Bolonia: riesgos, responsabilidades y oportunidades\u00bb (G\u00f6ran Rollnert), \u00abLos nuevos grados espa\u00f1oles de Derecho en el marco del proceso de Bolonia: especial atenci\u00f3n al Derecho Constitucional y al Derecho Internacional Privado\u00bb (D\u00e1maso Javier Vicente Blanco), \u00abEnse\u00f1ar la Constituci\u00f3n (Ricardo L. Chueca Rodr\u00edguez) y un \u00abMapa de las nuevas metodolog\u00edas docentes en Derecho Constitucional\u00bb en el que intervinieron un buen n\u00famero de colegas compartiendo sus experienciasy valoraciones docentes).<\/p>\n<p style=\"text-align: justify;\">Puedes acceder al contenido de la Revista en este <a href=\"http:\/\/www.iustel.com\/v2\/revistas\/detalle_revista.asp?id=3&amp;numero=9\" target=\"_blank\" rel=\"noopener noreferrer\">enlace<\/a> (Si estuvieras interesado en alguno de sus contenidos puedes escribirme a javierfacultad@gmail.com)<\/p>\n<p>&nbsp;<\/p>\n<p style=\"text-align: justify;\">2009 &#8211; <span style=\"color: #ff0000;\"><strong>\u201cUna experiencia concreta: la evaluaci\u00f3n contin\u00faa en las asignaturas Derecho Constitucional I y II impartidas en la Facultad de Ciencias Sociales, Jur\u00eddicas y de la Comunicaci\u00f3n de Segovia\u201d<\/strong><\/span>. <strong><a href=\"https:\/\/albergueweb1.uva.es\/javiermatia\/wp-content\/uploads\/2015\/07\/2009-Una-experiencia-concreta...-separata.pdf\" target=\"_blank\" rel=\"noopener noreferrer\">Separata<\/a><\/strong><\/p>\n<p style=\"text-align: justify;\">En Portela, Adelaida; Blanco, Ascensi\u00f3n y Terr\u00f3n, Mar\u00eda Jos\u00e9 (coords): <em>VI Jornadas Internacionales de Innovaci\u00f3n Universitaria<\/em>. Universidad Europea de Madrid. Madrid, 2009. 11 pp. ISBN: 978-84-692-1681-1<\/p>\n<p>&nbsp;<\/p>\n<p style=\"text-align: justify;\">2010 &#8211; <span style=\"color: #ff0000;\"><strong>\u201cBolonia a la espa\u00f1ola: algunos placeres y muchos sinsabores\u201d<\/strong><\/span>. <strong><a href=\"https:\/\/albergueweb1.uva.es\/javiermatia\/wp-content\/uploads\/2015\/07\/2010-Bolonia-a-la-espa\u00f1ola-separata.pdf\" target=\"_blank\" rel=\"noopener noreferrer\">Separata<\/a><\/strong><\/p>\n<p style=\"text-align: justify;\">En Cotino Hueso, Lorenzo y Presno Linera, Miguel \u00c1ngel : Innovaci\u00f3n educativa en Derecho Constitucional. Reflexiones, m\u00e9todos y experiencias de los docentes. Publications de la Universitat de Val\u00e8ncia. Valencia, 2010, pp. 118-120. ISBN: 879-84-693-0407-05<\/p>\n<p>&nbsp;<\/p>\n<p style=\"text-align: justify;\">2010 &#8211; <strong><span style=\"color: #ff0000;\">\u201cImplantaci\u00f3n de un sistema de evaluaci\u00f3n continua en las asignaturas de Derecho Constitucional (stricto sensu) impartidas en el campus de Segovia de la Universidad de Valladolid<\/span>\u201d<\/strong>. <strong><a href=\"https:\/\/albergueweb1.uva.es\/javiermatia\/wp-content\/uploads\/2015\/07\/2010-Implantaci\u00f3n-de-un-sistema-de-evaluaci\u00f3n-continua-separata.pdf\" target=\"_blank\" rel=\"noopener noreferrer\">Separata<\/a><\/strong><\/p>\n<p style=\"text-align: justify;\">Reflexi\u00f3n incluida en el Mapa de titulaciones (<a href=\"https:\/\/albergueweb1.uva.es\/javiermatia\/wp-content\/uploads\/2015\/07\/2010-Mapa-de-titulaciones-introducci\u00f3n-separata.pdf\" target=\"_blank\" rel=\"noopener noreferrer\">presentaci\u00f3n<\/a>) del n\u00famero monogr\u00e1fico de la <em>Revista General de Derecho Constitucional<\/em> 9 (abril 2010). <u>www.iustel.com,<\/u> 4 pp. ISSN: 1886-6212<\/p>\n<p>&nbsp;<\/p>\n<p style=\"text-align: justify;\">2010 &#8211; <span style=\"color: #ff0000;\"><strong>\u201cUn curso de inmersi\u00f3n universitaria y jur\u00eddica para los nuevos estudiantes de Derecho y de Relaciones Laborales de la Universidad de Valladolid en el campus de Segovia\u201d<\/strong><\/span>. <strong><a href=\"https:\/\/albergueweb1.uva.es\/javiermatia\/wp-content\/uploads\/2015\/07\/2010-Unc-urso-de-inmersi\u00f3n-universitaia-separata.pdf\" target=\"_blank\" rel=\"noopener noreferrer\">Separata<\/a><\/strong><\/p>\n<p style=\"text-align: justify;\">Reflexi\u00f3n incluida en el Mapa de titulaciones (<a href=\"https:\/\/albergueweb1.uva.es\/javiermatia\/wp-content\/uploads\/2015\/07\/2010-Mapa-de-titulaciones-introducci\u00f3n-separata.pdf\" target=\"_blank\" rel=\"noopener noreferrer\">presentaci\u00f3n<\/a>) del n\u00famero monogr\u00e1fico de la <em>Revista General de Derecho Constitucional<\/em> 9 (abril 2010). <u>www.iustel.com<\/u>, 3 pp. ISSN: 1886-6212<\/p>\n<p>&nbsp;<\/p>\n<p style=\"text-align: justify;\">2011 &#8211; <span style=\"color: #ff0000;\"><strong>\u201cEl cuatrimestre 0: Una intrahistoria cr\u00edtica desde la perspectiva de la metodolog\u00eda docente en estudios jur\u00eddicos\u201d<\/strong><\/span>. <strong><a href=\"https:\/\/albergueweb1.uva.es\/javiermatia\/wp-content\/uploads\/2015\/07\/2011-El-cuatrimestre-0-separata.pdf\" target=\"_blank\" rel=\"noopener noreferrer\">Separata<\/a><\/strong><\/p>\n<p style=\"text-align: justify;\">En Cotino Hueso, Lorenzo y Presno Linera, Miguel (eds.): <em>La ense\u00f1anza del Derecho constitucional ante el proceso de Bolonia. Innovaci\u00f3n educativa en Derecho constitucional 2.0<\/em>. Publicaciones de la Universidad de Valencia. Valencia, 2011, pp. 320-345. ISBN 978-84-694-0080-4<\/p>\n<p>&nbsp;<\/p>\n<p style=\"text-align: justify;\">2011 &#8211; <span style=\"color: #ff0000;\"><strong><em>\u201cLa incidencia del volumen de alumnos en un sistema voluntario de evaluaci\u00f3n continua\u201d<\/em><\/strong><\/span>. <strong><a href=\"https:\/\/albergueweb1.uva.es\/javiermatia\/wp-content\/uploads\/2015\/07\/2011-La-incidencia-del-volumen-de-alumnos...-seprata.pdf\" target=\"_blank\" rel=\"noopener noreferrer\">Separata<\/a><\/strong><\/p>\n<p style=\"text-align: justify;\">En Echebarr\u00eda S\u00e1enz, Joseba Aitor (dir.): <em>IV Congreso Nacional de Innovaci\u00f3n en Ciencias Jur\u00eddicas: Coordinaci\u00f3n y planificaci\u00f3n en los estudios de Derecho<\/em>. Universidad de Valladolid. Valladolid, 2011, pp. 1407-1416. ISBN: 978-84-694-8683-2<\/p>\n<p>&nbsp;<\/p>\n<p style=\"text-align: justify;\">2015 &#8211; <span style=\"color: #ff0000;\"><strong><em>La Universidad en los dif\u00edciles tiempos de Bolonia<\/em> (coord. junto con Fernando Reviriego Pic\u00f3n)<\/strong><\/span>.<\/p>\n<p style=\"text-align: justify;\"><em>Revista General de Derecho Constitucional<\/em> 21, noviembre 2015. ISSN: 1886-6212<\/p>\n<p style=\"text-align: justify;\">En este n\u00famero monogr\u00e1fico se incluyen los siguientes estudios: Tema del semestre, Puntos de vista sobre la nueva carrera acad\u00e9mica: \u00abvisi\u00f3n senior (con vista cansada)\u00bb (Francisco Bastida Freijedo), \u00abvisi\u00f3n junior\u00bb (Ignacio Gonz\u00e1lez Garc\u00eda); Estudios generales sobre Bolonia hoy: \u00abLa Universidad en el laberinto\u00bb (Enrique Linde Paniagua), \u00ab\u00bfHa resuelto Bolonia los problemas de la universidad espa\u00f1ola?\u00bb (Rafael Puyol Antol\u00edn), \u00abLa estructura 3 +2 en los t\u00edtulos universitarios como amenaza y oportunidad de desarrollo del derecho a la autonom\u00eda acad\u00e9mica de las Universidades\u00bb (Miguel Agudo Zamora), \u00abAlgunas reflexiones en torno a la evaluaci\u00f3n de profesorado universitario de ciencias jur\u00eddicas\u00bb (Ignacio Fern\u00e1ndez Sarasola), \u00ab\u00bfC\u00f3mo se interrelaciona Bolonia con la sociedad?: La experiencia desde una Facultad de Derecho\u00bb (Federico Montalvo J\u00e4\u00e4skel\u00e4inen), \u00abLa implantaci\u00f3n de Bolonia. Universidad p\u00fablica vs. Universidad privada\u00bb (V\u00edctor V\u00e1zquez Alonso); Bolonia y estudios jur\u00eddicos: \u00abReflexi\u00f3n limitada sobre el <em>Plan Bolonia<\/em>\u201d (Alfonso Fern\u00e1ndez-Miranda y Campoamor), \u00abLa ense\u00f1anza del Derecho y las nuevas tecnolog\u00edas\u00bb (Ricardo L. Chueca Rodr\u00edguez), \u00abLa investigaci\u00f3n en las Ciencias Jur\u00eddicas\u00bb (Francisco Balaguer Callej\u00f3n), \u00abEl doctorado en Derecho\u00bb (Josep Mar\u00eda Castell\u00e0 Andreu), \u00abLa irrupci\u00f3n del ingl\u00e9s y el Derecho\u00bb (Luis Gordillo P\u00e9rez); Bolonia y Derecho Constitucional: \u00abDerecho Constitucional, formaci\u00f3n y ense\u00f1anza\u00bb (Juan Jos\u00e9 Soloz\u00e1bal Echavarr\u00eda), \u00abAn\u00e1lisis comparado sobre la estructuraci\u00f3n de los contenidos de Derecho Constitucional en el grado de Derecho\u00bb (Ignacio \u00c1lvarez Rodr\u00edguez), \u00abUna forma de ense\u00f1ar el Derecho Constitucional\u00bb (Francisco Javier Matia Portilla), \u00abEl jurista global del S. XXI: innovaci\u00f3n docente y nuevos perfiles acad\u00e9mico-profesionales\u00bb (Mar\u00eda Pilar Canedo Arrillaga y Paula Comellas Angulo); G\u00e9nero y Derecho: \u00abInterpretaci\u00f3n jur\u00eddica, igualdad y g\u00e9nero en los estudios de Derecho. Aportaciones epist\u00e9micas y feministas\u00bb (Amelia Sanchis Vidal), \u00abTransferencia de conocimientos y feminismo jur\u00eddico: entre la teor\u00eda y la pr\u00e1ctica constitucional\u00bb (Concepci\u00f3n Torres D\u00edaz), \u00abLa ense\u00f1anza del Derecho Constitucional como forma de acci\u00f3n pol\u00edtica\u00bb (Octavio Salazar Ben\u00edtez), \u00abLa palabra y los silencios de los docentes: el Derecho Constitucional y la perspectiva (de g\u00e9nero)\u00bb (Itziar Gomez Fern\u00e1ndez y Argelia Queralt Jim\u00e9nez); Experiencias docentes en Derecho Constitucional: \u00abUn estudio introductorio\u00bb (Fernando Reviriego Pic\u00f3n), \u00abNuevos m\u00e9todos docentes para la ense\u00f1anza del Derecho Constitucional en grados no jur\u00eddicos. El proyecto <em>jurisprudencia constitucional para no juristas<\/em>\u201d (Jorge Aguacil Gonz\u00e1lez-Aurioles), \u00abEl desarrollo evolutivo de la docencia te\u00f3rico-pr\u00e1ctica universitaria y las nuevas perspectivas docentes\u00bb (Leonardo \u00c1lvarez \u00c1lvarez), \u00abLas ense\u00f1anzas iusfilos\u00f3ficas en los tiempos bolonios: una cr\u00f3nica hispalense\u00bb (Miguel \u00c1lvarez Ortega), \u00abLa evaluaci\u00f3n de los aprendizajes en Derecho Constitucional\u00bb (M\u00f3nica Arenas Ramiro), \u00abMetodolog\u00eda docente aplicada en el \u00e1rea de Derecho constitucional de la UNED: el tutor de apoyo en red\u00bb (Leyre Burguera Ameave), \u00abAcerca de la memoria anual de seguimiento de las titulaciones de grado y master: aprendiendo a mejorar la calidad acad\u00e9mica y la gesti\u00f3n de la ense\u00f1anza\u00bb (Jos\u00e9 Mar\u00eda Coello de Portugal), \u00abLas asignaturas del \u00e1rea de Derecho Constitucional en el grado en derecho de la universidad de Zaragoza\u00bb (Enrique Cebri\u00e1n Zazurca), \u00abAproximaci\u00f3n a la ense\u00f1anza no presencial de una asignatura de Derecho Constitucional en una titulaci\u00f3n no jur\u00eddica en el marco de Bolonia\u00bb (Luis E. Delgado del Rinc\u00f3n), \u00abRealidad constitucional, medios de comunicaci\u00f3n y nuevas tecnolog\u00edas en el aula\u00bb (Anna\u00efck Fern\u00e1ndez Le Gal), \u00abEl contenido constitucional de las nuevas asignaturas de formaci\u00f3n b\u00e1sica\u00bb (Esther Gonz\u00e1lez Hern\u00e1ndez), \u00abMetodolog\u00edas docentes y evaluaci\u00f3n tras la implantaci\u00f3n del EEES en el \u00e1rea de Derecho Constitucional de la Universidad de Cantabria\u00bb (Antonio Magdaleno Alegr\u00eda), \u00abInnovaci\u00f3n educativa en las clases de Derecho Constitucional I a trav\u00e9s de las actividades aplicadas y complementarias\u00bb (Ana Marrades Puig), \u00abSeminarios de Derecho Constitucional 2014-2015\u00bb (Francisco Javier Matia Portilla -coord.-, Estela Gilbaja Cabrero, Luis E. Delgado del Rinc\u00f3n y Fernando Reviriego Pic\u00f3n), \u00abCr\u00f3nicas de un viaje de ida y vuelta por el espacio europeo de educaci\u00f3n superior\u00bb (Rafael Naranjo de la Cruz), \u00abEstrategias docentes y evaluadoras para la asignatura derechos fundamentales\u00bb (Reyes P\u00e9rez Alberdi), \u00abMetodolog\u00eda docente aplicable al sistema semi presencial de ense\u00f1anza en los grados universitarios. Especial referencia la asignatura de Derecho Constitucional en el grado de ciencia pol\u00edtica y gesti\u00f3n p\u00fablica\u00bb (Mar\u00eda P\u00e9rez-Ugena Coromina), \u00abGlosario audiovisual de Derecho constitucional\u00bb (Fernando Reviriego Pic\u00f3n), \u00abLas nuevas metodolog\u00edas docentes on line implementadas en la ense\u00f1anza del derecho constitucional por la Universitat Oberta de Catalunya\u00bb (Joan Ridao i Mart\u00edn), \u00abInnovaci\u00f3n metodol\u00f3gica desde el Derecho Constitucional adaptada al EEES\u00bb (Catalina Ruiz-Rico Ruiz), \u00abEnse\u00f1ar Derecho constitucional fuera de la Facultad de Derecho\u00bb (M.\u00aa Isabel Serrano Ma\u00edllo y Manuel S\u00e1nchez de Diego Fern\u00e1ndez de La Riva).<\/p>\n<p style=\"text-align: justify;\">Puedes consultar el n\u00famero en este <strong><a href=\"http:\/\/www.iustel.com\/v2\/revistas\/detalle_revista.asp?id=3&amp;numero=21\" target=\"_blank\" rel=\"noopener noreferrer\">enlace<\/a><\/strong>.<\/p>\n<p>&nbsp;<\/p>\n<p style=\"text-align: justify;\">2015 &#8211; <span style=\"color: #ff0000;\"><strong>\u201cUna forma de ense\u00f1ar el Derecho Constitucional\u201d<\/strong><\/span>. <strong><a href=\"https:\/\/albergueweb1.uva.es\/javiermatia\/wp-content\/uploads\/2015\/11\/2015-Una-forma-de-ense\u00f1ar-el-Derecho-Constitucional-Francisco-Javier-Matia-Portilla-416724.pdf\" target=\"_blank\" rel=\"noopener noreferrer\">Separata<\/a><\/strong><\/p>\n<p style=\"text-align: justify;\">En<em> Revista General de Derecho Constitucional<\/em> 21 (2015). <u>www.iustel.com<\/u>, 18 pp. ISSN: 1886-6212<\/p>\n<p>&nbsp;<\/p>\n<p style=\"text-align: justify;\">2015&nbsp; &#8211; <span style=\"color: #ff0000;\"><strong>\u201cSeminarios de Derecho Constitucional 2014-2015l\u201d (escrito con Estela Gilbaja Cabrero, Luis Delgado del Rinc\u00f3n y Fernando Reviriego Pic\u00f3n)<\/strong><\/span>. <strong><a href=\"https:\/\/albergueweb1.uva.es\/javiermatia\/wp-content\/uploads\/2015\/11\/2015-Seminarios-de-Derecho-Constitucional-2014-2015-Matia-Portilla-Gilbaja-Cabrero-Delgado-del-Rinc\u00f3n-y-Reviriego-Pic\u00f3n-416743.pdf\" target=\"_blank\" rel=\"noopener noreferrer\">Separata<\/a><\/strong><\/p>\n<p style=\"text-align: justify;\">En<em> Revista General de Derecho Constitucional<\/em> 21 (2015). <u>www.iustel.com<\/u>, 9 pp. ISSN: 1886-6212<\/p>\n<p>&nbsp;<\/p>\n<p>2016 &#8211; <strong><span style=\"color: #ff0000;\">Proyecto docente C\u00e1tedra<\/span><\/strong> (In\u00e9dito).<\/p>\n<ul>\n<li>LIBRO COMPLETO: &nbsp;<a href=\"https:\/\/albergueweb1.uva.es\/javiermatia\/wp-content\/uploads\/2016\/12\/0102-Proyecto-Docente.pdf\" target=\"_blank\" rel=\"noopener noreferrer\"><strong>Texto<\/strong><\/a><\/li>\n<li>ANEXO 1: Estado constitucional y sistema de fuentes (esquemas): <a href=\"https:\/\/albergueweb1.uva.es\/javiermatia\/wp-content\/uploads\/2016\/12\/Anexo-1_Extracto.pdf\" target=\"_blank\" rel=\"noopener noreferrer\"><strong>Extracto<\/strong><\/a>*<\/li>\n<li>ANEXO 2: Organizaci\u00f3n del Estado y sistema de libertades (esquemas): <a href=\"https:\/\/albergueweb1.uva.es\/javiermatia\/wp-content\/uploads\/2016\/12\/Anexo-2_Extracto.pdf\" target=\"_blank\" rel=\"noopener noreferrer\"><strong>Extracto<\/strong><\/a>*<\/li>\n<li>ANEXO 3: Otros materiales docentes e indicios de calidad. <a href=\"https:\/\/albergueweb1.uva.es\/javiermatia\/wp-content\/uploads\/2016\/12\/Anexo-3.pdf\" target=\"_blank\" rel=\"noopener noreferrer\"><strong>Texto<\/strong><\/a><\/li>\n<\/ul>\n<p style=\"text-align: justify;\">&nbsp;&nbsp;&nbsp;&nbsp;&nbsp;&nbsp;&nbsp;&nbsp;&nbsp;&nbsp;&nbsp;&nbsp;&nbsp;&nbsp;&nbsp;&nbsp; *Se incluye portada, Sumario, presentaci\u00f3n e \u00edndice. Si tienes inter\u00e9s, ponte en contacto.<\/p>\n<p style=\"text-align: justify;\">Proyecto docente e investigador presentado por el Doctor Don Francisco Javier MATIA PORTILLA al Concurso de acceso a una plaza de Catedr\u00e1tico de Derecho Constitucional en la Facultad de Ciencias Sociales, Jur\u00eddicas y de la Comunicaci\u00f3n de la Universidad de Valladolid (Resoluci\u00f3n de 23 de mayo de 2016, BOE n\u00fam. 135, de 4 de junio, p. 36922 y ss). Madrid, 2016.<\/p>\n<p style=\"text-align: justify;\"><strong><em>C\u00d3MO CITAR<\/em><\/strong>: Matia Portilla, Francisco Javier. <em>Proyecto Docente C\u00e1tedra<\/em>.<em> Working Papers 04<\/em>. Valladolid, 1998. (en su caso, tras Catedra. Anexo&#8230;).<\/p>\n<p>&nbsp;<\/p>\n<p>&nbsp;<\/p>\n<p style=\"text-align: justify;\"><strong>ART\u00cdCULOS SOBRE CONTENIDOS DOCENTES<\/strong><\/p>\n<p style=\"text-align: justify;\">2001- <span style=\"color: #ff0000;\"><strong>Vive la Constituci\u00f3n. La Constituci\u00f3n espa\u00f1ola<\/strong><\/span>. <a href=\"https:\/\/albergueweb1.uva.es\/javiermatia\/wp-content\/uploads\/2015\/08\/2010-Vive-la-Constituci\u00f3nOpt.pdf\" target=\"_blank\" rel=\"noopener noreferrer\">LIBRO DISPONIBLE<\/a><\/p>\n<p style=\"text-align: justify;\">Supervisi\u00f3n del libro de Jos\u00e9 Gonz\u00e1lez Torices dirigido a un publico infantil y juvenil.<\/p>\n<p style=\"text-align: justify;\">Se incluye aqu\u00ed la m\u00e1s reciente edici\u00f3n (3\u00aa). Diputaci\u00f3n de Valladolid. Valladolid, 2010. DP VA-495\/2010.<\/p>\n<p>&nbsp;<\/p>\n<p style=\"text-align: justify;\">2002 &#8211; <span style=\"color: #ff0000;\"><strong>\u201cLa inviolabilidad del domicilio\u201d<\/strong><\/span>. <strong><a href=\"https:\/\/albergueweb1.uva.es\/javiermatia\/wp-content\/uploads\/2015\/07\/2002-El-derecho-a-la-inviolabilidad-del-domicilio-\u00a7910495-separata.pdf\" target=\"_blank\" rel=\"noopener noreferrer\">Separata<\/a><\/strong><\/p>\n<p style=\"text-align: justify;\">En Arag\u00f3n Reyes, Manuel (coord.): <em>Temario de Derecho Constitucional<\/em>. Publicaci\u00f3n electr\u00f3nica en www.iustel.com. Junio 2002, 11 pp. ISBN: 84-96440-88-5<\/p>\n<p>&nbsp;<\/p>\n<p style=\"text-align: justify;\">2002 &#8211; <span style=\"color: #ff0000;\"><strong>\u201cEl Consejo y la Comisi\u00f3n [de la Uni\u00f3n Europea]\u201d<\/strong><\/span>. <strong><a href=\"https:\/\/albergueweb1.uva.es\/javiermatia\/wp-content\/uploads\/2015\/07\/2002-El-Consejo-y-la-Comisi\u00f3n-de-la-UE-separata.pdf\" target=\"_blank\" rel=\"noopener noreferrer\">Separata<\/a><\/strong><\/p>\n<p style=\"text-align: justify;\">En Arag\u00f3n Reyes, Manuel (coord.): <em>Derecho Constitucional II<\/em>. Iustel. Junio, 2002, 10 pp. ISBN: 84-96440-89-3<\/p>\n<p>&nbsp;<\/p>\n<p style=\"text-align: justify;\">2013 &#8211; <span style=\"color: #ff0000;\"><strong><em>Lecciones de Derecho Constitucional II<\/em> (coord., junto con Paloma Biglino Campos, Juan Mar\u00eda Bilbao Ubillos, Fernando Rey Mart\u00ednez y Jos\u00e9 Miguel Vidal Zapatero)<\/strong><\/span>.<\/p>\n<p style=\"text-align: justify;\">Lex Nova, Pamplona, 2013, 737 pp. ISBN: 978-84-9898-643-3<\/p>\n<p style=\"text-align: justify;\">Puedes acceder a los datos de edici\u00f3n, la nota preliminar y el \u00edndice detallado de la obra. <a href=\"https:\/\/albergueweb1.uva.es\/javiermatia\/wp-content\/uploads\/2015\/07\/2013-LeccionesII-DatosNotaeIndice.pdf\" target=\"_blank\" rel=\"noopener noreferrer\">TEXTO<\/a><\/p>\n<p>&nbsp;<\/p>\n<p style=\"text-align: justify;\">2013 &#8211;&nbsp; <span style=\"color: #ff0000;\"><strong>\u201cLa Corona\u201d<\/strong><\/span>. <strong><a href=\"https:\/\/albergueweb1.uva.es\/javiermatia\/wp-content\/uploads\/2015\/07\/2013-La-Corona-seprata.pdf\" target=\"_blank\" rel=\"noopener noreferrer\">Separata<\/a><\/strong><\/p>\n<p style=\"text-align: justify;\">En Biglino Campos, Paloma; Bilbao Ubillos, Juan Mar\u00eda; Matia Portilla, Francisco Javier; Rey Mart\u00ednez, Fernando y Vidal Zapatero, Jos\u00e9 Miguel (coords.): <em>Lecciones de Derecho Constitucional II<\/em>. Lex Nova, Pamplona, 2013, pp. 53-67. ISBN: 978-84-9898-643-3<\/p>\n<p>&nbsp;<\/p>\n<p style=\"text-align: justify;\">2013 &#8211; <span style=\"color: #ff0000;\"><strong>\u201cLos derechos de la personalidad: la protecci\u00f3n de la intimidad, el honor y la vida privada\u201d<\/strong><\/span>. <strong><a href=\"https:\/\/albergueweb1.uva.es\/javiermatia\/wp-content\/uploads\/2015\/07\/2013-Los-DD-de-la-personalidad-separata.pdf\" target=\"_blank\" rel=\"noopener noreferrer\">Separata<\/a><\/strong><\/p>\n<p style=\"text-align: justify;\">En Biglino Campos, Paloma; Bilbao Ubillos, Juan Mar\u00eda; Matia Portilla, Francisco Javier; Rey Mart\u00ednez, Fernando y Vidal Zapatero, Jos\u00e9 Miguel (coords.): <em>Lecciones de Derecho Constitucional II<\/em>. Lex Nova, Pamplona, 2013, pp. 543-584. ISBN: 978-84-9898-643-3.<\/p>\n<p style=\"text-align: justify;\">&nbsp;<\/p>\n<p style=\"text-align: justify;\">2017 &#8211; <span style=\"color: #ff0000;\"><strong>\u201dEspa\u00f1a en la Uni\u00f3n Europea\u201d<\/strong><\/span>.&nbsp; <strong><a href=\"https:\/\/albergueweb1.uva.es\/javiermatia\/wp-content\/uploads\/2017\/02\/Derecho-b%C3%A1sico-de-la-UE-publicidad.pdf\" target=\"_blank\" rel=\"noopener noreferrer\">Presentaci\u00f3n del Libro<\/a><\/strong><\/p>\n<p style=\"text-align: justify;\">En Calonge Vel\u00e1zquez, Antonio (dir.): Derecho b\u00e1sico de la Uni\u00f3n Europea. Comares. Granada, 2017, pp. 189-203. ISBN: 978-84-9045-495-4<\/p>\n<p class=\"selectionShareable\">&nbsp;<\/p>\n<p class=\"selectionShareable\">2018 &#8211; <span style=\"color: #ff0000;\"><strong>\u201cLa Corona\u201d<\/strong><\/span>.&nbsp;&nbsp;<\/p>\n<p class=\"selectionShareable\">En Biglino Campos, Paloma; Bilbao Ubillos, Juan Mar\u00eda; Matia Portilla, Francisco Javier; Rey Mart\u00ednez, Fernando y Vidal Zapatero, Jos\u00e9 Miguel (coords.): <em>Lecciones de Derecho Constitucional II<\/em>. 2\u00aa ed. Aranzadi. Cizur Menor, 2018, pp. 533-576. ISBN: 978-84-9197-350-<\/p>\n<p>&nbsp;<\/p>\n<p class=\"selectionShareable\">2018 &#8211; <strong><span style=\"color: #ff0000;\">\u201cLos derechos de la personalidad: la protecci\u00f3n de la intimidad, el honor y la vida privada<\/span>\u201d<\/strong>.&nbsp;&nbsp;&nbsp;<\/p>\n<p class=\"selectionShareable\">En Biglino Campos, Paloma; Bilbao Ubillos, Juan Mar\u00eda; Matia Portilla, Francisco Javier; Rey Mart\u00ednez, Fernando y Vidal Zapatero, Jos\u00e9 Miguel (coords.): <em>Lecciones de Derecho Constitucional II<\/em>. 2\u00aa ed. Aranzadi. Cizur Menor, 2018, pp. 533-576. ISBN: 978-84-9197-350-8<\/p>\n<p>&nbsp;<\/p>\n<p class=\"selectionShareable\">2018- <span style=\"color: #ff0000;\"><strong>\u201cSupuesto-Lecci\u00f3n derechos fundamentales\u201d<\/strong><\/span>.&nbsp;&nbsp;&nbsp; <strong>Separata<\/strong><\/p>\n<p class=\"selectionShareable\">En L\u00f3pez Castillo, Antonio (dir.): <em>Instituciones y Derecho de la Uni\u00f3n Europea. Casos pr\u00e1cticos<\/em>. 2\u00aa ed. Tirant Lo Blanch. Valencia, 2018, pp. 173-190. ISBN: 978-84-9190-501-1<\/p>\n<p class=\"selectionShareable\">&nbsp;<\/p>\n","protected":false},"excerpt":{"rendered":"<p>ARTICULOS SOBRE METODOLOG\u00cdA DOCENTE 1997 &#8211; El impacto del Derecho Comunitario en los ordenamientos nacionales: Programa, materiales y bibliograf\u00eda. &nbsp; Primeras p\u00e1ginas Este volumen, autoeditado en la Facultad de Derecho, recog\u00eda el programa y los materiales utilizados en el curso de Doctorado impartido en el curso 1997-1998, al modo de los Syllabus que hab\u00eda empleado&#8230; <span class=\"more\"><a class=\"more-link\" href=\"https:\/\/albergueweb1.uva.es\/javiermatia\/trabajos-docentes\/\">Continue reading <span class=\"meta-nav\">&#8594;<\/span><\/a><\/span><\/p>\n","protected":false},"author":1,"featured_media":800,"comment_status":"closed","ping_status":"closed","sticky":false,"template":"","format":"standard","meta":{"ngg_post_thumbnail":0,"footnotes":""},"categories":[9,7],"tags":[],"class_list":["post-389","post","type-post","status-publish","format-standard","has-post-thumbnail","hentry","category-docencia","category-escritos"],"_links":{"self":[{"href":"https:\/\/albergueweb1.uva.es\/javiermatia\/wp-json\/wp\/v2\/posts\/389","targetHints":{"allow":["GET"]}}],"collection":[{"href":"https:\/\/albergueweb1.uva.es\/javiermatia\/wp-json\/wp\/v2\/posts"}],"about":[{"href":"https:\/\/albergueweb1.uva.es\/javiermatia\/wp-json\/wp\/v2\/types\/post"}],"author":[{"embeddable":true,"href":"https:\/\/albergueweb1.uva.es\/javiermatia\/wp-json\/wp\/v2\/users\/1"}],"replies":[{"embeddable":true,"href":"https:\/\/albergueweb1.uva.es\/javiermatia\/wp-json\/wp\/v2\/comments?post=389"}],"version-history":[{"count":15,"href":"https:\/\/albergueweb1.uva.es\/javiermatia\/wp-json\/wp\/v2\/posts\/389\/revisions"}],"predecessor-version":[{"id":1603,"href":"https:\/\/albergueweb1.uva.es\/javiermatia\/wp-json\/wp\/v2\/posts\/389\/revisions\/1603"}],"wp:featuredmedia":[{"embeddable":true,"href":"https:\/\/albergueweb1.uva.es\/javiermatia\/wp-json\/wp\/v2\/media\/800"}],"wp:attachment":[{"href":"https:\/\/albergueweb1.uva.es\/javiermatia\/wp-json\/wp\/v2\/media?parent=389"}],"wp:term":[{"taxonomy":"category","embeddable":true,"href":"https:\/\/albergueweb1.uva.es\/javiermatia\/wp-json\/wp\/v2\/categories?post=389"},{"taxonomy":"post_tag","embeddable":true,"href":"https:\/\/albergueweb1.uva.es\/javiermatia\/wp-json\/wp\/v2\/tags?post=389"}],"curies":[{"name":"wp","href":"https:\/\/api.w.org\/{rel}","templated":true}]}}