{"id":429,"date":"2015-07-23T18:36:53","date_gmt":"2015-07-23T18:36:53","guid":{"rendered":"http:\/\/albergueweb.uva.es\/javiermatia\/?page_id=429"},"modified":"2025-08-22T11:01:39","modified_gmt":"2025-08-22T11:01:39","slug":"transferencia-de-conocimiento-a-colectivos-sociedad-y-estudiantes","status":"publish","type":"post","link":"https:\/\/albergueweb1.uva.es\/javiermatia\/transferencia-de-conocimiento-a-colectivos-sociedad-y-estudiantes\/","title":{"rendered":"Transferencia de conocimiento a colectivos, sociedad y estudiantes"},"content":{"rendered":"<p style=\"text-align: justify;\">Fundaciones y colectivo &nbsp; &nbsp; &nbsp; &nbsp; &nbsp; Universidad de la Experiencia y Programa Mill\u00e1n Santos &nbsp; &nbsp; &nbsp; &nbsp; &nbsp;Sociedad &nbsp; &nbsp; &nbsp; &nbsp; &nbsp; Estudiantes&nbsp;&nbsp;&nbsp; Erasmus docentes<\/p>\n<p>&nbsp;<\/p>\n<p style=\"text-align: justify;\"><strong>FUNDACIONES Y COLECTIVOS<\/strong><\/p>\n<p><span style=\"color: #ff0000;\"><strong><em>Llamad a cualquier puerta<\/em><\/strong><\/span>.<\/p>\n<p>Presentaci\u00f3n de la pel\u00edcula realizada en el Cineclub Jur\u00eddico organizado por el Colegio de Abogados de Zamora.&nbsp;<\/p>\n<p>Multicines Zamora, martes 16 de enero de 2024.<\/p>\n<p>&nbsp;<\/p>\n<p><span style=\"color: #ff0000;\"><strong><em>Uno, dos, tres<\/em><\/strong><\/span>.<\/p>\n<p>Presentaci\u00f3n de la pel\u00edcula realizada en el Cineclub Jur\u00eddico organizado por el Colegio de Abogados de Zamora.&nbsp;<\/p>\n<p>Multicines Zamora, jueves 17 de marzo de 2022.<\/p>\n<p>&nbsp;<\/p>\n<p><span style=\"color: #ff0000;\"><strong><em>Nader y Simin. Una separaci\u00f3n<\/em><\/strong><\/span>.<\/p>\n<p style=\"text-align: justify;\">Presentaci\u00f3n de la pel\u00edcula realizada en el Cineclub Jur\u00eddico organizado por el Colegio de Abogados de Zamora.&nbsp;<\/p>\n<p style=\"text-align: justify;\">Multicines Zamora, jueves 12 de enero de 2017.<\/p>\n<p style=\"text-align: justify;\">&nbsp;<\/p>\n<p><span style=\"color: #ff0000;\"><strong><em>Espa\u00f1a ante el Tribunal de Estrasburgo<\/em><\/strong><\/span>.<\/p>\n<p style=\"text-align: justify;\">Ponencia impartida en el SAPERE AUDE: European institutions and the origins of legal consciousness, organizado por la Fundaci\u00f3n Valsa\u00edn y La Escuela de Estudios C\u00edvicos de Mosc\u00fa.<\/p>\n<p style=\"text-align: justify;\">Hotel Eurostars Plaza Acueducto (Segovia), martes 29 de marzo de 2016 (0.2 cr\u00e9ditos).<\/p>\n<p>&nbsp;<\/p>\n<p style=\"text-align: justify;\"><span style=\"color: #ff0000;\"><strong><em>La evoluci\u00f3n de la Administraci\u00f3n local en Espa\u00f1a y su concepci\u00f3n constitucional<\/em><\/strong><\/span>.<\/p>\n<p style=\"text-align: justify;\">Ponencia impartida en el II Seminario sobre Administraci\u00f3n, Gobierno y Territorio, organizado por la Fundaci\u00f3n Valsa\u00edn y La Escuela de Estudios C\u00edvicos de Mosc\u00fa.<\/p>\n<p style=\"text-align: justify;\">Hotel Eurostars Plaza Acueducto (Segovia), lunes 13 de abril de 2015 (0.2 cr\u00e9ditos).<\/p>\n<p>&nbsp;<\/p>\n<p style=\"text-align: justify;\"><span style=\"color: #ff0000;\"><strong><em>Europe, atomic nationalisms and disunity<\/em><\/strong><\/span>.<\/p>\n<p style=\"text-align: justify;\">Ponencia impartida Sapere Aude, organizado por la Moscow School of Civic Education y la Fundaci\u00f3n Valsa\u00edn.<\/p>\n<p style=\"text-align: justify;\">Segovia, 8 de octubre de 2014.<\/p>\n<p>&nbsp;<\/p>\n<p style=\"text-align: justify;\"><span style=\"color: #ff0000;\"><strong><em>Castilla y Le\u00f3n en Europa: aspectos legales y pol\u00edticos<\/em><\/strong><\/span>.<\/p>\n<p style=\"text-align: justify;\">Ponencia impartida en Gyeongsangbuk-do Spain: Invigoration of exchange about Economy, Industry, Culture, Education symposium.<\/p>\n<p style=\"text-align: justify;\">Simposio coordinado por Paloma Biglino Campos y Francisco Javier Matia Portilla.<\/p>\n<p style=\"text-align: justify;\">Valladolid, 15 de Julio de 2014.<\/p>\n<p>&nbsp;<\/p>\n<p style=\"text-align: justify;\"><span style=\"color: #ff0000;\"><strong><em>La Comunidad Aut\u00f3noma. Su relaci\u00f3n con las Administraciones locales: \u00bfAutonom\u00eda local o centralizaci\u00f3n regional?<\/em><\/strong><\/span><\/p>\n<p style=\"text-align: justify;\">Ponencia impartida en el Seminario organizado por la Moscow School of Civic Education sobre Administraci\u00f3n, Gobierno y territorio.<\/p>\n<p style=\"text-align: justify;\">Hotel Eurostars (Segovia), 1 de abril de 2014.<\/p>\n<p>&nbsp;<\/p>\n<p style=\"text-align: justify;\"><strong>UNIVERSIDAD DE LA EXPERIENCIA Y PROGRAMA MILL\u00c1N SANTO<\/strong>S<\/p>\n<p><strong><span style=\"color: #ff0000;\">M\u00f3dulo de Derecho<\/span><\/strong>.<\/p>\n<p>M\u00f3dulo de dieci\u00e9is horas compartido con la profesora Graciela L\u00f3pez de la Fuente.<\/p>\n<p>Edificio Santiago Hidalgo (Segovia), 12 y 26 de febrero, 12 y 26 de marzo, 9 y 30 de abril y 7 y 14 de mayo (0,8 cr\u00e9ditos).<\/p>\n<p>&nbsp;<\/p>\n<p style=\"text-align: justify;\"><span style=\"color: #ff0000;\"><strong><em>Debate sobre orientaci\u00f3n e identidad Sexual<\/em><\/strong><\/span>.<\/p>\n<p style=\"text-align: justify;\">Sesi\u00f3n del Taller El Derecho en la pr\u00e1ctica (aplicaci\u00f3n de las nociones b\u00e1sicas de Derecho a la actualidad), de la Universidad Mill\u00e1n Santos.<\/p>\n<p style=\"text-align: justify;\">Colegio Alfonso VIII (Valladolid), 10 de marzo de 2014 (0,2 cr\u00e9ditos).<\/p>\n<p>&nbsp;<\/p>\n<p style=\"text-align: justify;\"><span style=\"color: #ff0000;\"><strong><em>La voluntad fracasada de racionalizar el poder (una mirada sobre la Constituci\u00f3n de 1812)<\/em><\/strong><\/span>.<\/p>\n<p style=\"text-align: justify;\">Sesi\u00f3n de clausura de la Universidad de la Experiencia de Castilla y Le\u00f3n.<\/p>\n<p style=\"text-align: justify;\">Instituto de Empresa. Segovia, 24 de mayo de 2012 (0,2 cr\u00e9dito).<\/p>\n<p>&nbsp;<\/p>\n<p style=\"text-align: justify;\"><span style=\"color: #ff0000;\"><strong>Los nuevos derechos<\/strong><\/span>.<\/p>\n<p style=\"text-align: justify;\">Coordinaci\u00f3n del m\u00f3dulo incluido en el&nbsp;Programa Interuniversitario de la Experiencia de Castilla y Le\u00f3n 2011-2012.<\/p>\n<p style=\"text-align: justify;\">Escuela de Magisterio (UVa) del Campus de Segovia (0,45 cr\u00e9ditos)<\/p>\n<p>&nbsp;<\/p>\n<p style=\"text-align: justify;\"><span style=\"color: #ff0000;\"><strong>La apertura del matrimonio a las parejas homosexuales<\/strong><\/span>.<\/p>\n<p style=\"text-align: justify;\">Ponencia incluida en el M\u00f3dulo Los nuevos derechos, en el&nbsp;Programa Interuniversitario de la Experiencia de Castilla y Le\u00f3n 2011-2012.<\/p>\n<p style=\"text-align: justify;\">Escuela de Magisterio (UVa) del Campus de Segovia. 18 de enero de 2012 (0,25 cr\u00e9ditos).<\/p>\n<p>&nbsp;<\/p>\n<p style=\"text-align: justify;\"><span style=\"color: #ff0000;\"><strong>Nuevos derechos fundamentales, derechos auton\u00f3micos y nuevos derechos humanos en el \u00e1mbito del Consejo de Europa y de la Uni\u00f3n Europea<\/strong><\/span>.<\/p>\n<p style=\"text-align: justify;\">Ponencia incluida en el M\u00f3dulo Los nuevos derechos, en el&nbsp;Programa Interuniversitario de la Experiencia de Castilla y Le\u00f3n 2011-2012.<\/p>\n<p style=\"text-align: justify;\">Escuela de Magisterio (UVa) del Campus de Segovia. 11 de enero de 2012 (0,25 cr\u00e9ditos).<\/p>\n<p>&nbsp;<\/p>\n<p style=\"text-align: justify;\"><span style=\"color: #ff0000;\"><strong><em>La educaci\u00f3n como campo de batalla<\/em><\/strong><\/span>.<\/p>\n<p style=\"text-align: justify;\">Conferencia de clausura del Programa Interuniversitario de la Experiencia de la Junta de Castilla y Le\u00f3n en Segovia.<\/p>\n<p style=\"text-align: justify;\">Mi\u00e9rcoles, 8 de junio de 2011 (0,1 cr\u00e9dito).<\/p>\n<p>&nbsp;<\/p>\n<p style=\"text-align: justify;\"><span style=\"color: #ff0000;\"><strong><em>La ciudadan\u00eda europea<\/em><\/strong><\/span>.<\/p>\n<p style=\"text-align: justify;\">Intervenci\u00f3n incluida en el m\u00f3dulo del Instituto de Estudios Europeos para la Universidad Permanente \u00abMill\u00e1n Santos\u00bb.<\/p>\n<p style=\"text-align: justify;\">Valladolid, 14 de abril de 2011 (0,2 cr\u00e9ditos).<\/p>\n<p>&nbsp;<\/p>\n<p style=\"text-align: justify;\"><span style=\"color: #ff0000;\"><strong><em>Como nos afecta la Uni\u00f3n Europea como ciudadanos<\/em><\/strong><\/span>.<\/p>\n<p style=\"text-align: justify;\">Sesi\u00f3n integrada en el Curso del IEE para la Universidad Permanente MILLAN SANTOS \u00abConocer y participar en la Uni\u00f3n Europea\u00bb.<\/p>\n<p style=\"text-align: justify;\">Valladolid, 28 de marzo de 2011 (0,2 cr\u00e9ditos).<\/p>\n<p>&nbsp;<\/p>\n<p style=\"text-align: justify;\"><em><span style=\"color: #ff0000;\"><strong>C\u00f3mo nos afecta la UE como ciudadanos<\/strong><\/span>. <\/em><\/p>\n<p style=\"text-align: justify;\"><em>Ponencia impartida en el marco del M\u00f3dulo del Instituto de Estudios Europeos para la Universidad Permanente Mill\u00e1n Santos. <\/em><\/p>\n<p style=\"text-align: justify;\"><em>Facultad de Educaci\u00f3n. Valladolid, 22 de marzo de 2010.&nbsp;<\/em><\/p>\n<p>&nbsp;<\/p>\n<p style=\"text-align: justify;\"><span style=\"color: #ff0000;\"><strong><em>La separaci\u00f3n de poderes en la teor\u00eda y en la pr\u00e1ctica. \u00bfTenemos una democracia de calidad en nuestro pa\u00eds?<\/em><\/strong><\/span><\/p>\n<p style=\"text-align: justify;\">Ponencia impartida en el marco del Programa Interuniversitario de la Experiencia de Castilla y Le\u00f3n sobre <em>Problemas actuales de la democracia<\/em>.<\/p>\n<p style=\"text-align: justify;\">Segovia, 11 de noviembre de 2009.<\/p>\n<p>&nbsp;<\/p>\n<p style=\"text-align: justify;\"><span style=\"color: #ff0000;\"><strong><em>La disgregaci\u00f3n del poder pol\u00edtico en el interior: Las Comunidades Aut\u00f3nomas. La distribuci\u00f3n territorial del poder y sus efectos. \u00bfTiene fin el proceso auton\u00f3mico? <\/em><\/strong><\/span><\/p>\n<p style=\"text-align: justify;\"><em>Ponencia impartida en el marco del Programa Interuniversitario de la Experiencia de Castilla y Le\u00f3n sobre <em>Problemas actuales de la democracia<\/em>. <\/em><\/p>\n<p style=\"text-align: justify;\"><em>Segovia, 4 de noviembre de 2009.<\/em><\/p>\n<p>&nbsp;<\/p>\n<p style=\"text-align: justify;\"><span style=\"color: #ff0000;\"><strong><em>La disgregaci\u00f3n del poder pol\u00edtico en el exterior: La Uni\u00f3n Europea y sus efectos en el sistema constitucional espa\u00f1ol. \u00bfHacia la emergencia de un Estado europeo?<\/em><\/strong><\/span><\/p>\n<p style=\"text-align: justify;\">Ponencia impartida en el marco del Programa Interuniversitario de la Experiencia de Castilla y Le\u00f3n sobre <em>Problemas actuales de la democracia<\/em>.<\/p>\n<p style=\"text-align: justify;\">Segovia, 28 de octubre de 2009.<\/p>\n<p>&nbsp;<\/p>\n<p style=\"text-align: justify;\"><span style=\"color: #ff0000;\"><strong><em>La ciudadan\u00eda europea<\/em><\/strong><\/span>.<\/p>\n<p style=\"text-align: justify;\">Intervenciones incluidas en el m\u00f3dulo del Instituto de Estudios Europeos para la Universidad Permanente \u00abMill\u00e1n Santos\u00bb.<\/p>\n<p style=\"text-align: justify;\">Valladolid, 15 y 22 de mayo de 2008 (0,3 cr\u00e9ditos).<\/p>\n<p>&nbsp;<\/p>\n<p style=\"text-align: justify;\"><span style=\"color: #ff0000;\"><strong><em>Los nuevos retos de la democracia en Espa\u00f1a<\/em><\/strong><\/span>.<\/p>\n<p style=\"text-align: justify;\">M\u00f3dulo de la Universidad Permanente Mill\u00e1n Santos.<\/p>\n<p style=\"text-align: justify;\">Edificio Polivalente de la Universidad de Valladolid. Valladolid, octubre 2007-enero 2008 (2 cr\u00e9ditos).<\/p>\n<p>&nbsp;<\/p>\n<p style=\"text-align: justify;\"><span style=\"color: #ff0000;\"><strong><em>Los derechos fundamentales en la Uni\u00f3n Europea<\/em><\/strong><\/span>.<\/p>\n<p style=\"text-align: justify;\">Sesi\u00f3n integrada en el M\u00f3dulo de la Uni\u00f3n Europea, organizado por el Instituto de Estudios Europeos de la Universidad de Valladolid, en el marco de la Universidad de la Experiencia.<\/p>\n<p style=\"text-align: justify;\">Aula Magna de la Facultad de Educaci\u00f3n. Jueves, 21 de abril de 2005 (0,15 cr\u00e9ditos).<\/p>\n<p>&nbsp;<\/p>\n<p style=\"text-align: justify;\"><span style=\"color: #ff0000;\"><strong><em>Como nos afecta la Uni\u00f3n Europea como ciudadanos<\/em><\/strong><\/span>.<\/p>\n<p style=\"text-align: justify;\">Sesi\u00f3n integrada en el Curso del IEE para la Universidad Permanente MILLAN SANTOS \u00abConocer y participar en la Uni\u00f3n Europea\u00bb.<\/p>\n<p style=\"text-align: justify;\">Valladolid, 11 de abril de 2005 (0,3 cr\u00e9ditos).<\/p>\n<p>&nbsp;<\/p>\n<p style=\"text-align: justify;\"><span style=\"color: #ff0000;\"><strong><em>Estado social y democr\u00e1tico y participaci\u00f3n ciudadana<\/em><\/strong><\/span>.<\/p>\n<p style=\"text-align: justify;\">M\u00f3dulo de la Universidad Permanente de Valladolid en su modalidad estructurada (19\/11\/2001-15\/03\/2002) (organizado por el Vicerrectorado de Extensi\u00f3n Universitaria de la Universidad y el Centro Buend\u00eda de Valladolid). (4 cr\u00e9ditos impartidos).<\/p>\n<p>&nbsp;<\/p>\n<p style=\"text-align: justify;\"><strong>SOCIEDAD<\/strong><\/p>\n<p><span style=\"color: #ff0000;\"><strong>Presentaci\u00f3n del volumen colectivo La Constituci\u00f3n como forma de democracia. Libro-Homenaje a Paloma Biglino.&nbsp;<\/strong><\/span><\/p>\n<p>Intervenci\u00f3n en el acto organizado por el Centro de Estudios Pol\u00edticos y Constitucionales. Madrid, 18 de marzo de 2025.<\/p>\n<p>&nbsp;<\/p>\n<p><span style=\"color: #ff0000;\"><strong>Presentaci\u00f3n del volumen colectivo La Precariedad Universitaria.<\/strong><\/span><\/p>\n<p>Acto organizado por Andr\u00e9s Ivan Due\u00f1as Castrillo. Valladolid, 11 de febrero de 2023.<\/p>\n<p>&nbsp;<\/p>\n<p><span style=\"color: #ff0000;\"><strong>Presentaci\u00f3n del volumen colectivo La Precariedad Universitaria.<\/strong><\/span><\/p>\n<p>Acto organizado por Miguel \u00c1ngel Andr\u00e9s Llamas. Universidad de Salamanca. 21 de abril de 2023.<\/p>\n<p>&nbsp;<\/p>\n<p style=\"text-align: justify;\"><strong><span style=\"color: #ff0000;\"><em>Viejo odio, nuevas formas de matar<\/em> (a prop\u00f3sito de Antes de la lluvia)<\/span><\/strong>.<\/p>\n<p style=\"text-align: justify;\">Ponencia impartida en el marco de las Jornadas de Cine y Filosof\u00eda sobre A prop\u00f3sito de la democracia en la sociedad de consumo, organizadas por la UNED.<\/p>\n<p style=\"text-align: justify;\">Sal\u00f3n de Actos del Centro Asociado de la UNED de Palencia, viernes 8 de mayo de 2015 (0,2 cr\u00e9ditos).<\/p>\n<p>&nbsp;<\/p>\n<p style=\"text-align: justify;\"><span style=\"color: #ff0000;\"><strong><em>El valor de la integraci\u00f3n<\/em><\/strong><\/span>.<\/p>\n<p style=\"text-align: justify;\">Conversaci\u00f3n mantenida con \u00c1lvaro Gil-Robles en el marco del Ciclo \u201cDerechos Humanos y cine: aqu\u00ed y all\u00e1 (y en todas partes)\u201d, organizado por el Ayuntamiento de Segovia y la Fundaci\u00f3n Valsa\u00edn.<\/p>\n<p style=\"text-align: justify;\">Centro de Creaci\u00f3n La C\u00e1rcel (Segovia), mi\u00e9rcoles 6 de mayo de 2015 (0,2 cr\u00e9ditos).<\/p>\n<p>&nbsp;<\/p>\n<p style=\"text-align: justify;\"><span style=\"color: #ff0000;\"><strong><em>\u00bfEs constitucional el matrimonio igualitario?<\/em><\/strong><\/span><\/p>\n<p style=\"text-align: justify;\">Participaci\u00f3n en la Mesa Redonda organizada por la asociaci\u00f3n COGAM, en la que particip\u00f3 Miguel Presno Linera y fue moderada por Antonio Arroyo Gil, profesores de Derecho Constitucional.<\/p>\n<p style=\"text-align: justify;\">Instituto L\u00f3pe de Vega. Madrid, 13 de junio de 2012.<\/p>\n<p>&nbsp;<\/p>\n<p style=\"text-align: justify;\"><span style=\"color: #ff0000;\"><strong><em>Algunos problemas jur\u00eddico-constitucionales relacionados con el derecho a la educaci\u00f3n<\/em><\/strong><\/span>.<\/p>\n<p style=\"text-align: justify;\">Conferencia solemne impartida con ocasi\u00f3n de la celebraci\u00f3n del d\u00eda de la Constituci\u00f3n.<\/p>\n<p style=\"text-align: justify;\">Acto organizado por la Subdelegaci\u00f3n del Gobierno de Segovia. Segovia, 2 de diciembre de 2010.<\/p>\n<p>&nbsp;<\/p>\n<p style=\"text-align: justify;\"><strong><span style=\"color: #ff0000;\"><em>Tiempos duros para las libertades ideol\u00f3gicas y de expresi\u00f3n<\/em><\/span><\/strong>.<\/p>\n<p style=\"text-align: justify;\">Conferencia impartida en el curso de Verano Los derechos a trav\u00e9s del cine, organizado por Fernando Reviriego Pic\u00f3n (UNED).<\/p>\n<p style=\"text-align: justify;\">Centro Penitenciario A Lama. Pontevedra (Espa\u00f1a), 22 de julio de 2009.<\/p>\n<p>&nbsp;<\/p>\n<p style=\"text-align: justify;\"><strong><span style=\"color: #ff0000;\"><em>Problemas actuales de los derechos fundamentales en Espa\u00f1a<\/em><\/span><\/strong>.<\/p>\n<p style=\"text-align: justify;\">Intervenci\u00f3n en la Mesa Redonda organizada en torno a los derechos fundamentales para celebrar la fiesta de la Facultad de Ciencias Sociales, Jur\u00eddicas y de la Comunicaci\u00f3n.<\/p>\n<p style=\"text-align: justify;\">Segovia, mi\u00e9rcoles, 7 de noviembre de 2007.<\/p>\n<p>&nbsp;<\/p>\n<p style=\"text-align: justify;\"><strong>CURSOS Y CONFERENCIAS PARA ESTUDIANTES<\/strong><\/p>\n<p><span style=\"color: #ff0000;\"><strong><em>Derechos fundamentales y ciudadan\u00eda de la Uni\u00f3n Europea<\/em><\/strong><\/span>.<\/p>\n<p>Ponencia impartida en el XXVII Curso de verano sobre la Uni\u00f3n Europea.<\/p>\n<p>Instituto de Estudios Universitarios. Valladolid, 30 de junio de 2025.<\/p>\n<p>&nbsp;<\/p>\n<p><span style=\"color: #ff0000;\"><strong><em>Derechos fundamentales y ciudadan\u00eda de la Uni\u00f3n Europea<\/em><\/strong><\/span>.<\/p>\n<p>Ponencia impartida en el XXVI Curso de verano sobre la Uni\u00f3n Europea.<\/p>\n<p>Instituto de Estudios Universitarios. Valladolid, 2 de julio de 2024.<\/p>\n<p>&nbsp;<\/p>\n<p><span style=\"color: #ff0000;\"><strong><em>Derechos fundamentales y ciudadan\u00eda de la Uni\u00f3n Europea<\/em><\/strong><\/span>.<\/p>\n<p>Ponencia impartida en el XXV Curso de verano sobre la Uni\u00f3n Europea.<\/p>\n<p>Instituto de Estudios Universitarios. Valladolid, 4 de julio de 2023.<\/p>\n<p>&nbsp;<\/p>\n<p><span style=\"color: #ff0000;\"><strong><em>Derechos fundamentales y ciudadan\u00eda de la Uni\u00f3n Europea<\/em><\/strong><\/span>.<\/p>\n<p>Ponencia impartida en el XXIV Curso de verano sobre la Uni\u00f3n Europea.<\/p>\n<p>Instituto de Estudios Universitarios. Valladolid, 5 de julio de 2022.<\/p>\n<p>&nbsp;<\/p>\n<p><span style=\"color: #ff0000;\"><strong><em>Derechos fundamentales y ciudadan\u00eda de la Uni\u00f3n Europea<\/em><\/strong><\/span>.<\/p>\n<p>Ponencia impartida en el XXIII Curso de verano sobre la Uni\u00f3n Europea.<\/p>\n<p>Instituto de Estudios Universitarios. Valladolid, 5 de junio de 2021.<\/p>\n<p>&nbsp;<\/p>\n<p><span style=\"color: #ff0000;\"><strong><em>Derechos fundamentales y ciudadan\u00eda de la Uni\u00f3n Europea<\/em><\/strong><\/span>.<\/p>\n<p>Ponencia impartida en el XXII Curso de verano sobre la Uni\u00f3n Europea.<\/p>\n<p>Instituto de Estudios Universitarios. Valladolid, 21 de septiembre de 2020.<\/p>\n<p>&nbsp;<\/p>\n<p><span style=\"color: #ff0000;\"><strong><em>Derechos fundamentales y ciudadan\u00eda de la Uni\u00f3n Europea<\/em><\/strong><\/span>.<\/p>\n<p>Ponencia impartida en el XXI Curso de verano sobre la Uni\u00f3n Europea.<\/p>\n<p>Instituto de Estudios Universitarios. Valladolid, 4 de julio de 2019.<\/p>\n<p>&nbsp;<\/p>\n<p><span style=\"color: #ff0000;\"><strong><em>La cultura constitucional en Europa<\/em><\/strong><\/span>.<\/p>\n<p>Direcci\u00f3n e impartici\u00f3n del Curso de 10 horas integrado en el m\u00f3dulo Jean Monnet <em>La integraci\u00f3n europea y el patrimonio cultural inmaterial: nuevas estrategias de cohesi\u00f3n<\/em>, dirigido por Luis D\u00edaz Gonz\u00e1lez de Viana. Valladolid, 7-9 de noviembre de 2018.<\/p>\n<p>Segunda edici\u00f3n: Instituto de Estudios Universitarios-Facultad de Dereho.&nbsp;Valladolid, 7-9 de noviembre de 2018.<\/p>\n<p>&nbsp;<\/p>\n<p style=\"text-align: justify;\"><span style=\"color: #ff0000;\"><strong><em>Derechos fundamentales y ciudadan\u00eda de la Uni\u00f3n Europea<\/em><\/strong><\/span>.<\/p>\n<p style=\"text-align: justify;\">Ponencia impartida en el XX Curso de verano sobre la Uni\u00f3n Europea.<\/p>\n<p style=\"text-align: justify;\">Instituto de Estudios Universitarios.&nbsp;Valladolid, 5 de julio de 2018.<\/p>\n<p style=\"text-align: justify;\">&nbsp;<\/p>\n<p><span style=\"color: #ff0000;\"><strong><em>La cultura constitucional en Europa<\/em><\/strong><\/span>.<\/p>\n<p>Direcci\u00f3n del Curso de 10 horas integrado en el m\u00f3dulo Jean Monnet <em>La integraci\u00f3n europea y el patrimonio cultural inmaterial: nuevas estrategias de cohesi\u00f3n<\/em>, dirigido por Luis D\u00edaz Gonz\u00e1lez de Viana. Valladolid, 7-9 de noviembre de 2018. Impartici\u00f3n de 9 horas. La d\u00e9cima corri\u00f3 al cargo del profesor \u00d3scar Alzaga Villaamil.<\/p>\n<p>Instituto de Estudios Universitarios.&nbsp;Valladolid, 13-15 de diciembre de 2018.<\/p>\n<p>&nbsp;<\/p>\n<p style=\"text-align: justify;\"><span style=\"color: #ff0000;\"><strong><em>Derechos fundamentales y ciudadan\u00eda de la Uni\u00f3n Europea<\/em><\/strong><\/span>.<\/p>\n<p style=\"text-align: justify;\">Ponencia impartida en el XIX Curso de verano sobre la Uni\u00f3n Europea.<\/p>\n<p style=\"text-align: justify;\">Instituto de Estudios Universitarios.&nbsp;Valladolid, 28 de junio de 2017.<\/p>\n<p style=\"text-align: justify;\">&nbsp;<\/p>\n<p style=\"text-align: justify;\"><span style=\"color: #ff0000;\"><strong><em>Derechos fundamentales y ciudadan\u00eda de la Uni\u00f3n Europea<\/em><\/strong><\/span>.<\/p>\n<p style=\"text-align: justify;\">Ponencia impartida en el XVIII Curso de verano sobre la Uni\u00f3n Europea.<\/p>\n<p style=\"text-align: justify;\">Instituto de Estudios Universitarios.&nbsp;Valladolid, 30 de junio de 2016.<\/p>\n<p>&nbsp;<\/p>\n<p style=\"text-align: justify;\"><span style=\"color: #ff0000;\"><strong><em>Derechos fundamentales y ciudadan\u00eda de la Uni\u00f3n Europea<\/em><\/strong><\/span>.<\/p>\n<p style=\"text-align: justify;\">Ponencia impartida en el XVII Curso de verano sobre la Uni\u00f3n Europea.<\/p>\n<p style=\"text-align: justify;\">Instituto de Estudios Universitarios.&nbsp;Valladolid, 25 de junio de 2015.<\/p>\n<p>&nbsp;<\/p>\n<p style=\"text-align: justify;\"><span style=\"color: #ff0000;\"><strong><em>Derechos fundamentales y ciudadan\u00eda de la Uni\u00f3n Europea<\/em><\/strong><\/span>.<\/p>\n<p style=\"text-align: justify;\">Ponencia impartida en el XVI Curso de verano sobre la Uni\u00f3n Europea.<\/p>\n<p style=\"text-align: justify;\">Instituto de Estudios Universitarios. Valladolid, 26 de junio de 2014.<\/p>\n<p>&nbsp;<\/p>\n<p style=\"text-align: justify;\"><span style=\"color: #ff0000;\"><strong><em>Los derechos fundamentales en la Uni\u00f3n tras Lisboa: adhesi\u00f3n al Convenio Europeo de Derechos Humanos y asunto Melloni<\/em><\/strong><\/span>.<\/p>\n<p style=\"text-align: justify;\">Clase invitada en la asignatura La tutela jurisdiccional de los derechos fundamentales, impartida en cuarto curs iatura de Derecho de Valladolid. Lunes, 7 de abril de 2014.<\/p>\n<p>&nbsp;<\/p>\n<p style=\"text-align: justify;\"><span style=\"color: #ff0000;\"><strong><em>Ciudadan\u00eda y derechos fundamentales en la Uni\u00f3n Europea<\/em><\/strong><\/span>.<\/p>\n<p style=\"text-align: justify;\">Ponencia impartida en el XV Curso de verano sobre la Uni\u00f3n Europea.<\/p>\n<p style=\"text-align: justify;\">Instituto de Estudios Universitarios. Valladolid, 24 de junio de 2013.<\/p>\n<p>&nbsp;<\/p>\n<p style=\"text-align: justify;\"><em><span style=\"color: #ff0000;\"><strong>La protecci\u00f3n de los derechos fundamentales en la Uni\u00f3n Europea<\/strong><\/span>.<\/em><\/p>\n<p style=\"text-align: justify;\">Clase invitada en la asignatura La tutela jurisdiccional de los derechos fundamentales, impartida en quinto curso de la licenciatura de Derecho de Valladolid.<\/p>\n<p style=\"text-align: justify;\">Viernes, 8 de marzo de 2013.<\/p>\n<p>&nbsp;<\/p>\n<p style=\"text-align: justify;\"><span style=\"color: #ff0000;\"><em><strong>La protecci\u00f3n de los derechos fundamentales en la Uni\u00f3n Europea<\/strong><\/em><\/span>.<\/p>\n<p style=\"text-align: justify;\">Clase invitada en la asignatura La tutela jurisdiccional de los derechos fundamentales, impartida en quinto curso de la licenciatura de Derecho de Valladolid.<\/p>\n<p style=\"text-align: justify;\">Viernes, 30 de marzo de 2012.<\/p>\n<p>&nbsp;<\/p>\n<p style=\"text-align: justify;\"><span style=\"color: #ff0000;\"><strong><em>La protecci\u00f3n de los Derechos Fundamentales en la Uni\u00f3n Europea<\/em><\/strong><\/span>.<\/p>\n<p style=\"text-align: justify;\">Conferencia impartida en el XII Curso de Verano sobre la Uni\u00f3n Europea.<\/p>\n<p style=\"text-align: justify;\">Instituto de Estudios Europeos, Valladolid, 9 de julio de 2010.<\/p>\n<p>&nbsp;<\/p>\n<p style=\"text-align: justify;\"><span style=\"color: #ff0000;\"><strong><em>Los derechos fundamentales en el Tratado de Lisboa<\/em><\/strong><\/span>.<\/p>\n<p style=\"text-align: justify;\">Ponencia impartida en las Jornadas sobre el Tratado de Lisboa organizadas por The European Law Students Association.<\/p>\n<p style=\"text-align: justify;\">Valladolid, 6 de mayo de 2010.<\/p>\n<p>&nbsp;<\/p>\n<p style=\"text-align: justify;\"><span style=\"color: #ff0000;\"><strong><em>Sistema de competencias en la Uni\u00f3n Europea<\/em><\/strong><\/span>.<\/p>\n<p style=\"text-align: justify;\">Conferencia impartida en el XI Curso de Verano sobre la Uni\u00f3n Europea.<\/p>\n<p style=\"text-align: justify;\">Instituto de Estudios Europeos, Valladolid, 11 de julio de 2009.<\/p>\n<p>&nbsp;<\/p>\n<p style=\"text-align: justify;\"><span style=\"color: #ff0000;\"><strong><em>La protecci\u00f3n de los Derechos Fundamentales en la Uni\u00f3n Europea<\/em><\/strong><\/span>.<\/p>\n<p style=\"text-align: justify;\">Conferencia impartida en el XI Curso de Verano sobre la Uni\u00f3n Europea.<\/p>\n<p style=\"text-align: justify;\">Instituto de Estudios Europeos, Valladolid, 6 de julio de 2009.<\/p>\n<p>&nbsp;<\/p>\n<p style=\"text-align: justify;\"><span style=\"color: #ff0000;\"><strong><em>\u00bfEs constitucional que los obispos tengan que dar su venia a los profesores de religi\u00f3n en los centros p\u00fablicos?<\/em> (STC 38\/2007, de 15 de febrero)<\/strong><\/span>.<\/p>\n<p style=\"text-align: justify;\">Ponencia impartida en el marco del Seminario de jurisprudencia constitucional &amp; Cineforum.<\/p>\n<p style=\"text-align: justify;\">Facultad de Ciencias Sociales, Jur\u00eddicas y de la Comunicaci\u00f3n, Segovia (Espa\u00f1a), 17 de febrero de 2009.<\/p>\n<p>&nbsp;<\/p>\n<p style=\"text-align: justify;\"><span style=\"color: #ff0000;\"><strong><em>La protecci\u00f3n de los Derechos Fundamentales en la Uni\u00f3n Europea<\/em><\/strong><\/span>.<\/p>\n<p style=\"text-align: justify;\">Ponencia impartida en el X Curso de Verano de la Uni\u00f3n Europea, organizado por el Instituto de Estudios Europeos en el marco del programa Jean Monet.<\/p>\n<p style=\"text-align: justify;\">Instituto de Estudios Europeos. Valladolid, 7 de julio de 2008 (0,2 cr\u00e9ditos).<\/p>\n<p>&nbsp;<\/p>\n<p style=\"text-align: justify;\"><span style=\"color: #ff0000;\"><strong><em>Sistema de competencias en la Uni\u00f3n Europea<\/em><\/strong><\/span>.<\/p>\n<p style=\"text-align: justify;\">Ponencia impartida en el X Curso de Verano de la Uni\u00f3n Europea, organizado por el Instituto de Estudios Europeos en el marco del programa Jean Monet.<\/p>\n<p style=\"text-align: justify;\">Valladolid, 7 de julio de 2008 (0,2 cr\u00e9ditos).<\/p>\n<p>&nbsp;<\/p>\n<p style=\"text-align: justify;\"><span style=\"color: #ff0000;\"><strong>La Carta de los derechos fundamentales de la Uni\u00f3n Europea<\/strong><\/span>.<\/p>\n<p style=\"text-align: justify;\">Ponencia impartida en el VIII Curso de Verano de la Uni\u00f3n Europea, organizado por el Instituto de Estudios Europeos en el marco del programa Jean Monet.<\/p>\n<p style=\"text-align: justify;\">Valladolid. Viernes, 7 de julio de 2006 (0,2 cr\u00e9ditos).<\/p>\n<p>&nbsp;<\/p>\n<p style=\"text-align: justify;\"><em><strong><span style=\"color: #ff0000;\">La Carta de los derechos fundamentales de la Uni\u00f3n Europea<\/span><\/strong><\/em>.<\/p>\n<p style=\"text-align: justify;\">Ponencia impartida en el VII Curso de Verano de la Uni\u00f3n Europea, organizado por el Instituto de Estudios Europeos en el marco del programa Jean Monet.<\/p>\n<p style=\"text-align: justify;\">Valladolid. Viernes, 8 de julio de 2005 (0,2 cr\u00e9ditos).<\/p>\n<p>&nbsp;<\/p>\n<p style=\"text-align: justify;\"><span style=\"color: #ff0000;\"><strong><em>Constituci\u00f3n europea y regiones<\/em><\/strong><\/span>.<\/p>\n<p style=\"text-align: justify;\">Participante en la Mesa Redonda del Curso <em>Constituci\u00f3n europea: ciudadanos y regiones<\/em>, organizado por la Fundaci\u00f3n Universidad de Verano de Castilla y Le\u00f3n, la Junta de Castilla de Le\u00f3n y las Cortes de Castilla y Le\u00f3n, bajo la direcci\u00f3n de Paloma Biglino Campos.<\/p>\n<p style=\"text-align: justify;\">Cortes de Castilla y Le\u00f3n, Fuensalda\u00f1a (Valladolid). Viernes, 22 de octubre de 2004 (0,2 cr\u00e9ditos).<\/p>\n<p>&nbsp;<\/p>\n<p style=\"text-align: justify;\"><span style=\"color: #ff0000;\"><strong><em>La Carta europea de derechos fundamentales<\/em><\/strong><\/span>.<\/p>\n<p style=\"text-align: justify;\">Ponencia impartida en el VI Curso de Verano de la Uni\u00f3n Europea, organizado por Antonio Calonge Vel\u00e1zquez en el marco del programa Jean Monet.<\/p>\n<p style=\"text-align: justify;\">Instituto Universitario de Estudios Europeos de Valladolid. Viernes, 16 de julio de 2004 (0,2 cr\u00e9ditos).<\/p>\n<p>&nbsp;<\/p>\n<p style=\"text-align: justify;\"><span style=\"color: #ff0000;\"><strong><em>El Derecho comunitario en la jurisprudencia del Tribunal Constitucional<\/em><\/strong><\/span>.<\/p>\n<p style=\"text-align: justify;\">Seminario impartido en el IV Curso de Verano de la Uni\u00f3n Europea, organizado por M\u00aa del Rosario Tom\u00e1s Rold\u00e1n y Marta Villar\u00edas Lorca. Instituto de Estudios Europeos.<\/p>\n<p style=\"text-align: justify;\">Valladolid, 12 de julio de 2002 (0,4 cr\u00e9ditos).<\/p>\n<p>&nbsp;<\/p>\n<p style=\"text-align: justify;\"><span style=\"color: #ff0000;\"><strong><em>La protecci\u00f3n de los derechos fundamentales en la Uni\u00f3n Euopea<\/em><\/strong><\/span>.<\/p>\n<p style=\"text-align: justify;\">Ponencia impartida en el III Curso de Verano de la Uni\u00f3n Europea, organizado por M\u00aa del Rosario Tom\u00e1s Rold\u00e1n y Marta Villar\u00edas Lorca.<\/p>\n<p style=\"text-align: justify;\">Instituto de Estudios Europeos. Valladolid, 12 de julio de 2001.<\/p>\n<p>&nbsp;<\/p>\n<p style=\"text-align: justify;\"><span style=\"color: #ff0000;\"><strong><em>Teor\u00eda y pr\u00e1ctica del denominado derecho (constitucional) de autodeterminaci\u00f3n personal<\/em><\/strong><\/span>.<\/p>\n<p style=\"text-align: justify;\">En Jornadas sobre delitos inform\u00e1ticos, organizadas por la Asociaci\u00f3n universitaria De Iure.<\/p>\n<p style=\"text-align: justify;\">Valladolid, jueves 14 de diciembre de 2000.<\/p>\n<p>&nbsp;<\/p>\n<p style=\"text-align: justify;\"><span style=\"color: #ff0000;\"><strong><em>European citizenship<\/em><\/strong><\/span>.<\/p>\n<p style=\"text-align: justify;\">Conferencia impartida en el marco del Regional Seminar titulado Education: building eurocitizens, organizado por la Asociaci\u00f3n estudiantil AEGEE (Valladolid).<\/p>\n<p style=\"text-align: justify;\">Segovia, lunes 23 de octubre de 2000.<\/p>\n<p>&nbsp;<\/p>\n<p style=\"text-align: justify;\"><span style=\"color: #ff0000;\"><strong><em>Vigencia y aplicaci\u00f3n del Derecho comunitario. Especial referencia a las directivas<\/em><\/strong><\/span>.<\/p>\n<p style=\"text-align: justify;\">Ponencia impartida en el marco del II Curso de Verano de la Uni\u00f3n Europea, organizado por Daniel Alca\u00edn L\u00f3pez y Rosario Tom\u00e1s Rold\u00e1n, Becarios del Instituto de Estudios Universitarios de la Universidad de Valladolid.<\/p>\n<p style=\"text-align: justify;\">Instituto de Estudios Europeas. Valladolid, lunes 17 de julio de 2000.<\/p>\n<p>&nbsp;<\/p>\n<p style=\"text-align: justify;\"><span style=\"color: #ff0000;\"><strong><em>Desarrollos recientes de la protecci\u00f3n de datos de car\u00e1cter personal<\/em><\/strong><\/span>.<\/p>\n<p style=\"text-align: justify;\">Conferencia de Inauguraci\u00f3n de las I Jornadas de Derecho inform\u00e1tico, organizadas por la European Law Students Association (ELSA) Valladolid.<\/p>\n<p style=\"text-align: justify;\">Valladolid, jueves 6 de abril de 2000.<\/p>\n<p>&nbsp;<\/p>\n<p style=\"text-align: justify;\"><span style=\"color: #ff0000;\"><strong><em>Intimidad y propia imagen vs. libertad de expresi\u00f3n e informaci\u00f3n<\/em><\/strong><\/span>.<\/p>\n<p style=\"text-align: justify;\">Conferencia impartida en el marco de las <em>Jornadas sobre Derecho y comunicaci\u00f3n<\/em>, organizadas por las Asociaciones Universitarias De Iure y Comunicaci\u00f3n.<\/p>\n<p style=\"text-align: justify;\">Facultad de Derecho. Valladolid, martes 11 de abril de 2000.<\/p>\n<p>&nbsp;<\/p>\n<p style=\"text-align: justify;\">Profesor del Curso <span style=\"color: #ff0000;\"><strong><em>Magister: ense\u00f1anza del espa\u00f1ol como segunda lengua<\/em><\/strong><\/span>, organizado por la Universidad de Valladolid.<\/p>\n<p style=\"text-align: justify;\">Facultad de Medicina. Curso acad\u00e9mico 1992\/93.<\/p>\n<p>&nbsp;<\/p>\n<p style=\"text-align: justify;\"><span style=\"color: #ff0000;\"><strong><em>Instituciones comunitarias y procedimientos decisorios<\/em><\/strong><\/span>.<\/p>\n<p style=\"text-align: justify;\">Curso integrado en el programa European Business. Facultad de Ciencias Econ\u00f3micas y Empresariales de Valladolid.<\/p>\n<p style=\"text-align: justify;\">Curso acad\u00e9mico 1991\/92.<\/p>\n<p>&nbsp;<\/p>\n<p style=\"text-align: justify;\"><strong><span style=\"color: #ff0000;\"><em>El Proyecto de Ley de Seguridad Ciudadana<\/em><\/span><\/strong>.<\/p>\n<p style=\"text-align: justify;\">Mesa Redonda organizada por el \u00c1rea de Derecho Constitucional de la Facultad de Derecho de Burgos.<\/p>\n<p style=\"text-align: justify;\">Diciembre 1991.<\/p>\n<p>&nbsp;<\/p>\n<p style=\"text-align: justify;\"><span style=\"color: #ff0000;\"><strong><em>El Tratado de Maastricht<\/em><\/strong><\/span>.<\/p>\n<p style=\"text-align: justify;\">Seminario dirigido a los alumnos de 1\u00ba y 2\u00ba de la Facultad de Derecho de Valladolid y a los alumnos de 1\u00ba de la Escuela de Gesti\u00f3n y Administraci\u00f3n P\u00fablica de Burgos.<\/p>\n<p style=\"text-align: justify;\">Diversas fechas. Curso acad\u00e9mico 1992\/93<\/p>\n<p>&nbsp;<\/p>\n<p style=\"text-align: justify;\"><span style=\"color: #ff0000;\"><strong><em>El ordenamiento jur\u00eddico comunitario y sus relaciones con los estatales<\/em><\/strong><\/span>.<\/p>\n<p style=\"text-align: justify;\">Organizaci\u00f3n del curso de 48 horas en el marco del Instituto de Estudios Europeos de la Universidad de Valladolid e impartici\u00f3n de las clases te\u00f3ricas (24 horas).<\/p>\n<p style=\"text-align: justify;\">Instituto de Estudios Europeos. Valladolid, 14 de abril-12 de mayo de 1999.<\/p>\n<p>&nbsp;<\/p>\n<p style=\"text-align: justify;\"><span style=\"color: #ff0000;\"><strong><em>El proceso de integraci\u00f3n europea<\/em><\/strong><\/span>.<\/p>\n<p style=\"text-align: justify;\">Conferencia de Inauguraci\u00f3n de las <em>I Jornadas Europeas<\/em>, organizadas por el Colegio Mayor Los Arces de Valladolid.<\/p>\n<p style=\"text-align: justify;\">Colegio Mayor Los Arces. Valladolid, lunes 4 de octubre de 1999.<\/p>\n<p>&nbsp;<\/p>\n<p style=\"text-align: justify;\"><span style=\"color: #ff0000;\"><strong><em>La constituci\u00f3n europea<\/em><\/strong><\/span>.<\/p>\n<p style=\"text-align: justify;\">Ponencia impartida en el marco del I Curso de Verano de la Uni\u00f3n Europea, organizado por Daniel Alca\u00edn L\u00f3pez, Luis Fern\u00e1ndez Santos, Salvador Garc\u00eda Gonz\u00e1lez, Rosario Tom\u00e1s Rold\u00e1n y Mara Zamora Crespo, Becarios del Instituto de Estudios Universitarios de la Universidad de Valladolid.<\/p>\n<p style=\"text-align: justify;\">Instituto de Estudios Europeas. Valladolid, lunes 26 de julio de 1999.<\/p>\n<p>&nbsp;<\/p>\n<p><strong>ERASMUS DOCENTES<\/strong><\/p>\n<p><span style=\"color: #ff0000;\"><strong><em>Universit\u00e0 degli Studi di&nbsp; Milano Bicocca<\/em><\/strong><\/span>. Mil\u00e1n.<\/p>\n<p>Ayuda ERASMUS tutelada por la profesora Elisabetta Lamarque. Duraci\u00f3n: 4 d\u00edas (del 27\/05\/2014 al 30\/05\/2014).<\/p>\n<p>&nbsp;<\/p>\n<p><em><span style=\"color: #ff0000;\"><strong>Alma Studiorum Universit\u00e0 di Bologna<\/strong><\/span> (campus de Ravenna)<\/em>. Mil\u00e1n.<\/p>\n<p>Ayuda ERASMUS tutelada por la profesora Silviga Bagni. Duraci\u00f3n: 5 d\u00edas (del 8\/05\/2017 al 12\/05\/2017).<\/p>\n<p>&nbsp;<\/p>\n<p><span style=\"color: #ff0000;\"><strong><em>Universit\u00e0 di Torino<\/em><\/strong><\/span>. Tur\u00edn.<\/p>\n<p>Ayuda ERASMUS tutelada por la profesora Anna Mastromarino. Duraci\u00f3n: 5 d\u00edas (del 7\/05\/2018 al 11\/05\/2018).<\/p>\n<p>&nbsp;<\/p>\n<p><span style=\"color: #ff0000;\"><strong><em>Universit\u00e0 degli Studi del Sannio-Benevento<\/em><\/strong><\/span>. Benevento.<\/p>\n<p>Ayuda ERASMUS tutelada por el profesor Marco Mocella. Duraci\u00f3n: 5 d\u00edas (del 20\/05\/2019 al 24\/05\/2018).<\/p>\n<p>&nbsp;<\/p>\n<p><span style=\"color: #ff0000;\"><strong><em>Universit\u00e1 degli studi di Verona<\/em><\/strong><\/span>. Verona<\/p>\n<p>Ayuda ERASMUS tutelada por el profesor Matteo Nicolini. Duraci\u00f3n: 5 d\u00edas (del 15\/05\/2023 al 19\/05\/2023).<\/p>\n","protected":false},"excerpt":{"rendered":"<p>Fundaciones y colectivo &nbsp; &nbsp; &nbsp; &nbsp; &nbsp; Universidad de la Experiencia y Programa Mill\u00e1n Santos &nbsp; &nbsp; &nbsp; &nbsp; &nbsp;Sociedad &nbsp; &nbsp; &nbsp; &nbsp; &nbsp; Estudiantes&nbsp;&nbsp;&nbsp; Erasmus docentes &nbsp; FUNDACIONES Y COLECTIVOS Llamad a cualquier puerta. Presentaci\u00f3n de la pel\u00edcula realizada en el Cineclub Jur\u00eddico organizado por el Colegio de Abogados de Zamora.&nbsp; Multicines&#8230; <span class=\"more\"><a class=\"more-link\" href=\"https:\/\/albergueweb1.uva.es\/javiermatia\/transferencia-de-conocimiento-a-colectivos-sociedad-y-estudiantes\/\">Continue reading <span class=\"meta-nav\">&#8594;<\/span><\/a><\/span><\/p>\n","protected":false},"author":1,"featured_media":800,"comment_status":"closed","ping_status":"closed","sticky":false,"template":"","format":"standard","meta":{"ngg_post_thumbnail":0,"footnotes":""},"categories":[9],"tags":[],"class_list":["post-429","post","type-post","status-publish","format-standard","has-post-thumbnail","hentry","category-docencia"],"_links":{"self":[{"href":"https:\/\/albergueweb1.uva.es\/javiermatia\/wp-json\/wp\/v2\/posts\/429","targetHints":{"allow":["GET"]}}],"collection":[{"href":"https:\/\/albergueweb1.uva.es\/javiermatia\/wp-json\/wp\/v2\/posts"}],"about":[{"href":"https:\/\/albergueweb1.uva.es\/javiermatia\/wp-json\/wp\/v2\/types\/post"}],"author":[{"embeddable":true,"href":"https:\/\/albergueweb1.uva.es\/javiermatia\/wp-json\/wp\/v2\/users\/1"}],"replies":[{"embeddable":true,"href":"https:\/\/albergueweb1.uva.es\/javiermatia\/wp-json\/wp\/v2\/comments?post=429"}],"version-history":[{"count":29,"href":"https:\/\/albergueweb1.uva.es\/javiermatia\/wp-json\/wp\/v2\/posts\/429\/revisions"}],"predecessor-version":[{"id":2005,"href":"https:\/\/albergueweb1.uva.es\/javiermatia\/wp-json\/wp\/v2\/posts\/429\/revisions\/2005"}],"wp:featuredmedia":[{"embeddable":true,"href":"https:\/\/albergueweb1.uva.es\/javiermatia\/wp-json\/wp\/v2\/media\/800"}],"wp:attachment":[{"href":"https:\/\/albergueweb1.uva.es\/javiermatia\/wp-json\/wp\/v2\/media?parent=429"}],"wp:term":[{"taxonomy":"category","embeddable":true,"href":"https:\/\/albergueweb1.uva.es\/javiermatia\/wp-json\/wp\/v2\/categories?post=429"},{"taxonomy":"post_tag","embeddable":true,"href":"https:\/\/albergueweb1.uva.es\/javiermatia\/wp-json\/wp\/v2\/tags?post=429"}],"curies":[{"name":"wp","href":"https:\/\/api.w.org\/{rel}","templated":true}]}}