{"id":708,"date":"2016-02-27T02:33:50","date_gmt":"2016-02-27T02:33:50","guid":{"rendered":"http:\/\/albergueweb.uva.es\/javiermatia\/?page_id=708"},"modified":"2021-01-12T10:07:15","modified_gmt":"2021-01-12T10:07:15","slug":"derecho-comunitario-materiales","status":"publish","type":"post","link":"https:\/\/albergueweb1.uva.es\/javiermatia\/derecho-comunitario-materiales\/","title":{"rendered":"Derecho de la Uni\u00f3n Europea (materiales)"},"content":{"rendered":"<p style=\"text-align: justify;\"><strong>DERECHO ORGINARIO DE LA UNI\u00d3N<br \/>\n<\/strong><\/p>\n<p style=\"text-align: justify;\"><span style=\"color: #ff0000;\"><strong>Tratados de la Uni\u00f3n Europea (TUE), de Funcionamiento de la Uni\u00f3n Europea (TFUE), de la Comunidad Europea de la Energ\u00eda At\u00f3mica y Carta de los Derechos Fundamentales de la Uni\u00f3n Europea (CDFUE)<\/strong><\/span>. Versi\u00f3n consolidada 2016.&nbsp;&nbsp;&nbsp; <a href=\"https:\/\/albergueweb1.uva.es\/javiermatia\/wp-content\/uploads\/2021\/01\/Tratados-consolidados.pdf\" target=\"_blank\" rel=\"noopener noreferrer\">Texto<\/a><\/p>\n<p><span style=\"color: #ff0000;\"><strong>Principios Generales materiales (derechos fundamentales) y ordinamentales (autonom\u00eda, primac\u00eda y efecto directo)<\/strong><\/span>. Estos principios se examinan en otros apartados espec\u00edficos.<\/p>\n<p style=\"text-align: justify;\"><strong><span style=\"color: #ff0000;\">Decisi\u00f3n de los Jefes de Estado y de Gobierno, reunidos en el seno del Consejo Europeo, relativa a determinados problemas planteados por Dinamarca en relaci\u00f3n con el Tratado de la Uni\u00f3n Europea<\/span><\/strong>. Decisi\u00f3n adoptada en el Consejo Europeo de Edimgurgo (12 diciembre 1992) Leer las p\u00e1ginas 62 ss. del documento&nbsp;&nbsp; <a href=\"https:\/\/albergueweb1.uva.es\/javiermatia\/wp-content\/uploads\/2016\/02\/04-Decisi\u00f3n-de-los-Jefes-de-Estado-y-de-Gobierno-sobre-Dinamarca-1992-p.-62.pdf\" target=\"_blank\" rel=\"noopener noreferrer\">Texto<\/a><\/p>\n<p style=\"text-align: justify;\"><span style=\"color: #ff0000;\"><strong>Protocolo 22 sobre la posici\u00f3n de Dinamarca<\/strong><\/span>. Protocolo anejo TUE&nbsp;&nbsp;&nbsp; <a href=\"https:\/\/albergueweb1.uva.es\/javiermatia\/wp-content\/uploads\/2016\/02\/05-Protocolo-22-TUE-referido-a-Dinamarca.pdf\" target=\"_blank\" rel=\"noopener noreferrer\">Texto<\/a><\/p>\n<p style=\"text-align: justify;\"><strong><span style=\"color: #ff0000;\">Decisi\u00f3n de los Jefes de Estado y de Gobierno de los 27 Estados miembros de la UE, reunidos en el seno del Consejo Europeo, relativa a las preocupaciones del pueblo irland\u00e9s sobre el Tratado de Lisboa<\/span><\/strong>. Decisi\u00f3n adoptada en el Consejo Europeo de Bruselas (18 y 19 de junio de 2009). Leer las p\u00e1ginas 17 ss. del documento&nbsp;&nbsp; <a href=\"https:\/\/albergueweb1.uva.es\/javiermatia\/wp-content\/uploads\/2016\/02\/06-Decisi\u00f3n-de-los-JE-o-de-G-reunions-en-el-seno-del-CE-relativa-a-las-preocupaci\u00f3n-del-p-irlandes-p.-18.pdf\" target=\"_blank\" rel=\"noopener noreferrer\">Texto<\/a><\/p>\n<p style=\"text-align: justify;\"><strong><span style=\"color: #ff0000;\">Decisi\u00f3n de los Jefes de Estado y de Gobierno, reunidos en el seno del Consejo Europeo, relativa a un r\u00e9gimen para el Reino Unido en la Uni\u00f3n Europea<\/span><\/strong>. Decisi\u00f3n adoptada en el Consejo Europeo de Bruselas(18 y 19 de febrero de 2016). Leer las p\u00e1ginas 8 ss. del documento&nbsp;&nbsp; <a href=\"http:\/\/albergueweb.uva.es\/javiermatia\/wp-content\/uploads\/2016\/02\/10-Decisi\u00f3n-relativa-a-un-nuevo-r\u00e9gimen-para-el-Reino-Unido-en-la-UE-p.-9.pdf\" target=\"_blank\" rel=\"noopener noreferrer\">Texto<\/a><\/p>\n<p>&nbsp;<\/p>\n<p style=\"text-align: justify;\"><strong>LOS DERECHOS FUNDAMENTALES DE LA UNI\u00d3N EUROPEA<\/strong><\/p>\n<p style=\"text-align: justify;\">JURISPRUDENCIA INICIAL<\/p>\n<p style=\"text-align: justify;\"><span style=\"color: #ff0000;\"><strong>Sentencia del Tribunal de Justicia Stork, de 4 de febrero de 1959 (asunto 1\/58)<\/strong><\/span>&nbsp;(etapa pasiva).&nbsp;&nbsp; <a href=\"https:\/\/albergueweb1.uva.es\/javiermatia\/wp-content\/uploads\/2016\/02\/26-STJCCEE-Stork-1959.pdf\" target=\"_blank\" rel=\"noopener noreferrer\">Texto<\/a><\/p>\n<p style=\"text-align: justify;\"><span style=\"color: #ff0000;\"><strong>Sentencia del Tribunal de Justicia Stauder, de 12 de noviembre de 1969 (asunto 29-69)<\/strong><\/span>&nbsp;(el Tribunal se inventa los derechos fundamentales, ver p. 391)&nbsp;&nbsp;&nbsp; <a href=\"https:\/\/albergueweb1.uva.es\/javiermatia\/wp-content\/uploads\/2016\/02\/33-STJCCEE-Stauder-p.-391.pdf\" target=\"_blank\" rel=\"noopener noreferrer\">Texto<\/a><\/p>\n<p style=\"text-align: justify;\"><span style=\"color: #ff0000;\"><strong>Sentencia del Tribunal de Justicia Internationale Handelsgesellschaft mbH, de 17 de diciembre de 1970 (asunto 11-70)<\/strong><\/span>&nbsp;(el Tribunal delimita su protecci\u00f3n, p. 246) &nbsp;&nbsp; <a href=\"https:\/\/albergueweb1.uva.es\/javiermatia\/wp-content\/uploads\/2016\/02\/34-STJCCEE-Internationale-Handelsgesellschaft-p.-246.pdf\" target=\"_blank\" rel=\"noopener noreferrer\">Texto<\/a><\/p>\n<p style=\"text-align: justify;\"><span style=\"color: #ff0000;\"><strong>Sentencia del Tribunal de Justicia Nold, de 17 de diciembre de 1970 (asunto 4-73)<\/strong><\/span>&nbsp;(el Tribunal completa su doctrina sobre la protecci\u00f3n de los derechos fundamentales, ver p. 281)&nbsp;&nbsp;&nbsp; <a href=\"https:\/\/albergueweb1.uva.es\/javiermatia\/wp-content\/uploads\/2016\/02\/35-STJCCEE-Nold-1974-p.-281.pdf\" target=\"_blank\" rel=\"noopener noreferrer\">Texto<\/a><\/p>\n<p style=\"text-align: justify;\">&nbsp;<\/p>\n<p style=\"text-align: justify;\">CARTA DE LOS DERECHOS FUNDAMENTALES DE LA UNION EUROPEA<\/p>\n<p style=\"text-align: justify;\"><span style=\"color: #ff0000;\"><strong>Sentencia del Tribunal de Justicia Parlamento\/Consejo, de 27 de junio de 2006 (asunto C-540\/03)<\/strong><\/span>&nbsp;(El Tribunal aplica la Carta en contra del Consejo de Ministros y antes de su entrada en vigor formal, ver pp. 5821-5823)&nbsp;&nbsp;&nbsp; <a href=\"https:\/\/albergueweb1.uva.es\/javiermatia\/wp-content\/uploads\/2016\/02\/STJUE-Gran-Sala-Parlamento-c.-Consejo-2006-pp.-5821-5823.pdf\" target=\"_blank\" rel=\"noopener noreferrer\">Texto<\/a><\/p>\n<p style=\"text-align: justify;\"><span style=\"color: #ff0000;\"><strong>Carta de los Derechos Fundamentales de la Uni\u00f3n Europea (CDFUE)<\/strong><\/span>&nbsp;(en su versi\u00f3n consolidadadada de 2016.&nbsp;&nbsp;&nbsp; <a href=\"https:\/\/albergueweb1.uva.es\/javiermatia\/wp-content\/uploads\/2016\/02\/03-CDFUE-versi\u00f3n-consolidada.pdf\" target=\"_blank\" rel=\"noopener noreferrer\">Texto<\/a><\/p>\n<p style=\"text-align: justify;\"><span style=\"color: #ff0000;\"><strong>Explicaciones sobre la Carta de los Derechos Fundamentales de la Uni\u00f3n Europea<\/strong><\/span>&nbsp;(versi\u00f3n DOUE 2007)&nbsp;&nbsp;&nbsp; <a href=\"https:\/\/albergueweb1.uva.es\/javiermatia\/wp-content\/uploads\/2016\/02\/032-Explicaciones-sobre-la-CDFUE.pdf\" target=\"_blank\" rel=\"noopener noreferrer\">Texto<\/a><\/p>\n<p style=\"text-align: justify;\"><strong><span style=\"color: #ff0000;\">Decisi\u00f3n de los Jefes de Estado y de Gobierno de los 27 Estados miembros de la UE, reunidos en el seno del Consejo Europeo, relativa a las preocupaciones del pueblo irland\u00e9s sobre el Tratado de Lisboa<\/span><\/strong>&nbsp;(Decisi\u00f3n adoptada en el Consejo Europeo de Bruselas, 18 y 19 de junio de 2009). Leer las p\u00e1ginas 17 ss. del documento&nbsp;&nbsp; <a href=\"https:\/\/albergueweb1.uva.es\/javiermatia\/wp-content\/uploads\/2016\/02\/06-Decisi\u00f3n-de-los-JE-o-de-G-reunions-en-el-seno-del-CE-relativa-a-las-preocupaci\u00f3n-del-p-irlandes-p.-18.pdf\" target=\"_blank\" rel=\"noopener noreferrer\">Texto<\/a><\/p>\n<p style=\"text-align: justify;\"><strong><span style=\"color: #ff0000;\">Protocolo 30 sobre la aplicaci\u00f3n de la CDFUE a Polonia y al Reino Unido<\/span><\/strong>&nbsp;(reservas de estos pa\u00edses sobre la aplicaci\u00f3n de la Carta a sus terrotorios) &nbsp; <a href=\"https:\/\/albergueweb1.uva.es\/javiermatia\/wp-content\/uploads\/2016\/02\/07-Protocolo-30-TUE-sobre-la-aplicaci\u00f3n-de-la-CDFUE-a-Polonia-y-el-Reino-Unido.pdf\" target=\"_blank\" rel=\"noopener noreferrer\">Texto<\/a><\/p>\n<p style=\"text-align: justify;\"><strong><span style=\"color: #ff0000;\">Declaraciones (53) de la Rep\u00fablica Checa y (61) de Polonia, relativas a la CDFUE y (62) de Polonia, relativa al Protocolo 30<\/span><\/strong>&nbsp;(Declaraciones unilaterales sobre la Carta) &nbsp; <a href=\"https:\/\/albergueweb1.uva.es\/javiermatia\/wp-content\/uploads\/2016\/02\/09-Declaraciones-relacionadas-con-la-CDFUE-incluidas-en-los-Tratados.pdf\" target=\"_blank\" rel=\"noopener noreferrer\">Texto<\/a><\/p>\n<p style=\"text-align: justify;\">Lectura recomendada: <span style=\"color: #ff0000;\"><strong>\u201cLos derechos fundamentales de la Uni\u00f3n Europea en tr\u00e1nsito: de Niza a Lisboa, pasando por Bruselas\u201d<\/strong><\/span>. <strong><a href=\"https:\/\/albergueweb1.uva.es\/javiermatia\/wp-content\/uploads\/2015\/07\/2011-Los-DDFF-de-la-UE-en-tr\u00e1nsito...-separata.pdf\" target=\"_blank\" rel=\"noopener noreferrer\">Separata<\/a><\/strong><\/p>\n<p>&nbsp;<\/p>\n<p style=\"text-align: justify;\">ADHESI\u00d3N DE LA UE AL CEDH<\/p>\n<p style=\"text-align: justify;\"><span style=\"color: #ff0000;\"><strong>Dictamen 2\/94, de 28 de marzo de 1996, del Tribunal de Justicia sobre Adhesi\u00f3n de la Comunidad al Convenio para la Protecci\u00f3n de los Derechos Humanos y de las Libertades Fundamentales<\/strong><\/span> (el Tribunal entiende que no la UE no puede adherirse al CEDH si no hay una habilitaci\u00f3n expresa en los Tratados) &nbsp; <a href=\"https:\/\/albergueweb1.uva.es\/javiermatia\/wp-content\/uploads\/2016\/02\/37-Dictamen-2-94-sobre-adhesi\u00f3n-de-la-Comunidad-al-CEDH.pdf\" target=\"_blank\" rel=\"noopener noreferrer\">Texto<\/a><\/p>\n<p style=\"text-align: justify;\"><span style=\"color: #ff0000;\"><strong>Proyecto revisado de Acuerdo sobre la adhesi\u00f3n de la UE al CEDH<\/strong><\/span>&nbsp;(texto negociado entre representantes del Comit\u00e9 Director para los Derechos Humanos, del Consejo de Europa, y de la Comisi\u00f3n, de la Uni\u00f3n Europea, p. 3 ss.)&nbsp;&nbsp;&nbsp;&nbsp;&nbsp; <a href=\"https:\/\/albergueweb1.uva.es\/javiermatia\/wp-content\/uploads\/2016\/02\/Proyecto-revisado-de-acuerdo-sobre-la-adhesi\u00f3n-de-la-UE-al-CEDH-ingl\u00e9s-p.-3.pdf\" target=\"_blank\" rel=\"noopener noreferrer\">Ingl\u00e9s<\/a>&nbsp;&nbsp; <a href=\"https:\/\/albergueweb1.uva.es\/javiermatia\/wp-content\/uploads\/2016\/02\/Proyecto-revisado-de-acuerdo-sobre-la-adhesi\u00f3n-de-la-UE-al-CEDH-franc\u00e9s-p.-3.pdf\" target=\"_blank\" rel=\"noopener noreferrer\">Franc\u00e9s<\/a><\/p>\n<p style=\"text-align: justify;\"><span style=\"color: #ff0000;\"><strong>Dictamen 2\/13, de 18 de diciembre de 2014, del Tribunal de Justicia sobre la compatibilidad del Proyecto de adhesi\u00f3n con los Tratados<\/strong><\/span>&nbsp;(el Tribunal entiende que el borrador de Acuerdo es incompatible con los Tratados) &nbsp; <a href=\"https:\/\/albergueweb1.uva.es\/javiermatia\/wp-content\/uploads\/2016\/02\/39-Dictamen-2-13-TJ-de-18-12-2014.pdf\" target=\"_blank\" rel=\"noopener noreferrer\">Texto<\/a><\/p>\n<p style=\"text-align: justify;\">Lectura recomendada: <span style=\"color: #ff0000;\"><strong>\u201cLa adhesi\u00f3n de la UE al CEDH: una valoraci\u00f3n de los trabajos realizados hasta el momento\u201d<\/strong><\/span>. <strong><a href=\"https:\/\/albergueweb1.uva.es\/javiermatia\/wp-content\/uploads\/2015\/07\/2015-Analisis-sobre-la-propuesta-de-adhesi\u00f3n-de-la-UE-al-CEDH-separata.pdf\" target=\"_blank\" rel=\"noopener noreferrer\">Separata<\/a><\/strong><\/p>\n<p style=\"text-align: justify;\">&nbsp;<\/p>\n<p style=\"text-align: justify;\"><strong>LOS PRINCIPIOS DE AUTONOM\u00cdA, PRIMAC\u00cdA Y EFECTO DIRECTO&nbsp;<\/strong><\/p>\n<p style=\"text-align: justify;\">PRINCIPIO DE AUTONOM\u00cdA<\/p>\n<p style=\"text-align: justify;\"><span style=\"color: #ff0000;\"><strong>Sentencia del Tribunal de Justicia van Gend &amp; Loos, de 5 de febrero de 1963 (asunto 26-62)<\/strong><\/span> (primera referencia a la autonom\u00eda, ver pp. 339-341)&nbsp;&nbsp;&nbsp; <a href=\"https:\/\/albergueweb1.uva.es\/javiermatia\/wp-content\/uploads\/2016\/02\/21-STUCCEE-Vand-Gend-y-Loos-1963-ORIGINAL.pdf\" target=\"_blank\" rel=\"noopener noreferrer\">Texto<\/a><\/p>\n<p style=\"text-align: justify;\"><span style=\"color: #ff0000;\"><strong>Sentencia del Tribunal de Justicia Flaminio Costa c. ENEL, de 15 de julio de 1964 (asunto 6-64)<\/strong><\/span> (segunda referencia a la autonom\u00eda , ver pp. 105-107)&nbsp;&nbsp;&nbsp; <a href=\"https:\/\/albergueweb1.uva.es\/javiermatia\/wp-content\/uploads\/2016\/02\/COSTA-ENEL-ORIGINAL.pdf\" target=\"_blank\" rel=\"noopener noreferrer\">Texto<\/a><\/p>\n<p>&nbsp;<\/p>\n<p style=\"text-align: justify;\">PRINCIPIO DE&nbsp; PRIMAC\u00cdA<\/p>\n<p style=\"text-align: justify;\"><span style=\"color: #ff0000;\"><strong>Sentencia del Tribunal de Justicia Flaminio Costa c. ENEL, de 15 de julio de 1964 (asunto 6-64)<\/strong><\/span>&nbsp;(primera referencia a la primac\u00eda del Derecho comunitario, ver pp. 105-107)&nbsp;&nbsp;&nbsp; <a href=\"https:\/\/albergueweb1.uva.es\/javiermatia\/wp-content\/uploads\/2016\/02\/COSTA-ENEL-ORIGINAL.pdf\" target=\"_blank\" rel=\"noopener noreferrer\">Texto<\/a><\/p>\n<p style=\"text-align: justify;\"><span style=\"color: #ff0000;\"><strong>Sentencia del Tribunal de Justicia Simmenthal, de 9 de marzo de 1978 (asunto 106\/77)<\/strong><\/span>&nbsp;(se alude a la necesidad de remover las disposiciones nacionales contrarias al Derecho comunitario, ver pp. 229-231) &nbsp;&nbsp; <a href=\"https:\/\/albergueweb1.uva.es\/javiermatia\/wp-content\/uploads\/2016\/02\/23-STJCCEE-Simenthal-1978-pp.-229-231.pdf\" target=\"_blank\" rel=\"noopener noreferrer\">Texto<\/a><\/p>\n<p style=\"text-align: justify;\"><strong><span style=\"color: #ff0000;\">Declaraci\u00f3n (17) sobre la primac\u00eda<\/span><\/strong>&nbsp;(pese a que el Tratado de Lisboa no introdujo formalmente el principio de primac\u00eda se incluye esta interesante Declaraci\u00f3n)&nbsp; <a href=\"https:\/\/albergueweb1.uva.es\/javiermatia\/wp-content\/uploads\/2016\/02\/Declaraci\u00f3n-sobre-la-primac\u00eda.pdf\" target=\"_blank\" rel=\"noopener noreferrer\">Texto<\/a><\/p>\n<p>&nbsp;<\/p>\n<p style=\"text-align: justify;\">PRINCIPIO DE EFECTO DIRECTO. ESPECIAL REFERENCIA A LAS DIRECTIVAS.<\/p>\n<p style=\"text-align: justify;\"><span style=\"color: #ff0000;\"><strong>Sentencia del Tribunal de Justicia van Gend &amp; Loos, de 5 de febrero de 1963 (asunto 26-62)<\/strong><\/span>&nbsp;(primera referencia, ver pp. 339-341)&nbsp;&nbsp;&nbsp; <a href=\"https:\/\/albergueweb1.uva.es\/javiermatia\/wp-content\/uploads\/2016\/02\/21-STUCCEE-Vand-Gend-y-Loos-1963-ORIGINAL.pdf\" target=\"_blank\" rel=\"noopener noreferrer\">Texto<\/a><\/p>\n<p style=\"text-align: justify;\"><span style=\"color: #ff0000;\"><strong>Sentencia del Tribunal de Justicia Grad, de 6 de octubre de 1970 (asunto 9-70)<\/strong><\/span>&nbsp;(se reconoce el efecto \u00fatil de las directivas) &nbsp;&nbsp; <a href=\"https:\/\/albergueweb1.uva.es\/javiermatia\/wp-content\/uploads\/2016\/02\/51-STJCCEE-Grad-1970.pdf\" target=\"_blank\" rel=\"noopener noreferrer\">Texto<\/a><\/p>\n<p style=\"text-align: justify;\"><span style=\"color: #ff0000;\"><strong>Sentencia del Tribunal de Justicia Sace, de 17 de diciembre de 1970 (asunto 33-70)<\/strong><\/span>&nbsp;&nbsp;&nbsp; <a href=\"https:\/\/albergueweb1.uva.es\/javiermatia\/wp-content\/uploads\/2016\/02\/52-STJCCEE-Sace-1970.pdf\" target=\"_blank\" rel=\"noopener noreferrer\">Texto<\/a><\/p>\n<p style=\"text-align: justify;\"><span style=\"color: #ff0000;\"><strong>Sentencia del Tribunal de Justicia Rewe, de 16 de diciembre de 1976 (asunto 33-76)<\/strong><\/span>&nbsp;&nbsp; <a href=\"https:\/\/albergueweb1.uva.es\/javiermatia\/wp-content\/uploads\/2016\/02\/52-STJCCEE-Rewe-1976.pdf\" target=\"_blank\" rel=\"noopener noreferrer\">Texto<\/a><\/p>\n<p style=\"text-align: justify;\"><span style=\"color: #ff0000;\"><strong>Sentencia del Tribunal de Justicia Marshall, de 26 de febrero de 1986 (asunto 152\/84)<\/strong><\/span>&nbsp;&nbsp; <a href=\"https:\/\/albergueweb1.uva.es\/javiermatia\/wp-content\/uploads\/2016\/02\/54-STJCCEE-Marshall-1986.pdf\" target=\"_blank\" rel=\"noopener noreferrer\">Texto<\/a><\/p>\n<p style=\"text-align: justify;\"><span style=\"color: #ff0000;\"><strong>Sentencia del Tribunal de Justicia Commune di Carpaneto Piacentino, de 17 de octubre de 1989 (asuntos 231\/87 y 129\/88)<\/strong><\/span>&nbsp;&nbsp;&nbsp; <a href=\"https:\/\/albergueweb1.uva.es\/javiermatia\/wp-content\/uploads\/2016\/02\/55-STJCCEE-Commune-di-Carpaneto-Piacentino-1989.pdf\" target=\"_blank\" rel=\"noopener noreferrer\">Texto<\/a><\/p>\n<p style=\"text-align: justify;\"><span style=\"color: #ff0000;\"><strong>Sentencia del Tribunal de Justicia Marleasing, de 13 de noviembre de 1990 (asunto C-106\/89)<\/strong><\/span>&nbsp;&nbsp;&nbsp; <a href=\"https:\/\/albergueweb1.uva.es\/javiermatia\/wp-content\/uploads\/2016\/02\/57-STJCCEE-Marleasing-1990-Interpretaci\u00f3n-DN.pdf\" target=\"_blank\" rel=\"noopener noreferrer\">Texto<\/a><\/p>\n<p style=\"text-align: justify;\"><span style=\"color: #ff0000;\"><strong>Sentencia del Tribunal de Justicia Francovich y Bonifaci, de 19 de noviembre de 1991 (asuntos C-6\/90 y 9\/90)<\/strong><\/span>&nbsp;&nbsp;&nbsp; <a href=\"https:\/\/albergueweb1.uva.es\/javiermatia\/wp-content\/uploads\/2016\/02\/58-STJCCEE-Francovich-y-Bonifaci-1991.pdf\" target=\"_blank\" rel=\"noopener noreferrer\">Texto<\/a><\/p>\n<p style=\"text-align: justify;\"><span style=\"color: #ff0000;\"><strong>Sentencia del Tribunal de Justicia Paola Faccini Dori, de 14 de julio de 1994 (asunto C-91\/92)<\/strong><\/span>&nbsp;&nbsp;&nbsp; <a href=\"https:\/\/albergueweb1.uva.es\/javiermatia\/wp-content\/uploads\/2016\/02\/56-STJCCEE-Paola-Faccini-Dori-1994.pdf\" target=\"_blank\" rel=\"noopener noreferrer\">Texto<\/a><\/p>\n<p style=\"text-align: justify;\">Lectura recomendada:&nbsp; <span style=\"color: #ff0000;\"><strong>\u201cDe la aplicabilidad vertical de la directiva a su simple eficacia\u201d<\/strong><\/span>. <strong><a href=\"https:\/\/albergueweb1.uva.es\/javiermatia\/wp-content\/uploads\/2015\/07\/1997-De-la-aplicabilidad-vertical-de-la-directiva-a-su-simple-eficacia-separata1.pdf\" target=\"_blank\" rel=\"noopener noreferrer\">Separata<\/a><\/strong><\/p>\n<p style=\"text-align: justify;\">&nbsp;<\/p>\n<p>&nbsp;<\/p>\n<p style=\"text-align: justify;\"><strong>RESERVAS ESTATALES AL PRINCIPIO DE PRIMAC\u00cdA (SELECCI\u00d3N)<br \/>\n<\/strong><\/p>\n<p style=\"text-align: justify;\">ALEMANIA<\/p>\n<p style=\"text-align: justify;\"><span style=\"color: #ff0000;\"><strong>Sentencia del Tribunal Constitucional Federal Alem\u00e1n&nbsp;Solange II (BVerfGE 73, 339), de 22 de octubre de 1986<\/strong><\/span>&nbsp;(Sentencia m\u00e1s positiva que la previa Solange I, pero que sigue manteniendo una reserva de jurisdicci\u00f3n) &nbsp;&nbsp; <a href=\"https:\/\/albergueweb1.uva.es\/javiermatia\/wp-content\/uploads\/2016\/02\/RIE_014_003_223_STCFA_SolangeII.pdf\" target=\"_blank\" rel=\"noopener noreferrer\">Texto<\/a><\/p>\n<p style=\"text-align: justify;\"><span style=\"color: #ff0000;\"><strong>Sentencia del Tribunal Constitucional Federal Alem\u00e1n Lisboa (Lisboa (BVerfGE. 123, 267), de 30 de junio de 2009<\/strong><\/span>&nbsp;(Sentencia cr\u00edtica con el proceso europeo de integraci\u00f3n) &nbsp;&nbsp; <a href=\"https:\/\/albergueweb1.uva.es\/javiermatia\/wp-content\/uploads\/2016\/02\/STCFA-Tratado-de-Lisboa.pdf\" target=\"_blank\" rel=\"noopener noreferrer\">Texto<\/a><\/p>\n<p>&nbsp;<\/p>\n<p style=\"text-align: justify;\">ESPA\u00d1A<\/p>\n<p style=\"text-align: justify;\"><span style=\"color: #ff0000;\"><strong>Sentencia del Tribunal Constitucional (Sala Primera) 64\/1991, de 22 de marzo de 1991<\/strong><\/span>&nbsp;(primera reserva de jurisdicci\u00f3n, recogida en el FJ 4)&nbsp;&nbsp;&nbsp; <a href=\"https:\/\/albergueweb1.uva.es\/javiermatia\/wp-content\/uploads\/2016\/02\/STC_64-1991.pdf\" target=\"_blank\" rel=\"noopener noreferrer\">Texto<\/a><\/p>\n<p style=\"text-align: justify;\"><span style=\"color: #ff0000;\"><strong>Declaraci\u00f3n del Tribunal Constitucional (Pleno) 1\/1992, de 1 de julio, sobre el Tratado de Maastricht<\/strong><\/span>&nbsp;(contiene una interesante construcci\u00f3n del art\u00edculo 93 CE) &nbsp;&nbsp; <a href=\"https:\/\/albergueweb1.uva.es\/javiermatia\/wp-content\/uploads\/2016\/02\/DCT_1-1992.pdf\" target=\"_blank\" rel=\"noopener noreferrer\">Texto<\/a><\/p>\n<p style=\"text-align: justify;\"><span style=\"color: #ff0000;\"><strong>Declaraci\u00f3n del Tribunal Constitucional (Pleno) 1\/2004, 1 13 de diciembre de 2004, sobre el Tratado por el que se establece una Constituci\u00f3n para Europa<\/strong><\/span>&nbsp;(resoluci\u00f3n muy interesante, en el que se realiza una construcci\u00f3n novedosa sobre la primac\u00eda y el art\u00edculo 93 CE, aunque se siga manteniendo una reserva de jurisdicci\u00f3n) &nbsp;&nbsp; <a href=\"https:\/\/albergueweb1.uva.es\/javiermatia\/wp-content\/uploads\/2016\/02\/DCT_1-2004.pdf\" target=\"_blank\" rel=\"noopener noreferrer\">Texto<\/a><\/p>\n<p style=\"text-align: justify;\">Lectura recomendada:&nbsp; <strong><span style=\"color: #ff0000;\">\u201cDos constituciones y un solo control: El lugar constitucional del Estado espa\u00f1ol en la Uni\u00f3n Europea<\/span>\u201d<\/strong>. <a href=\"https:\/\/albergueweb1.uva.es\/javiermatia\/wp-content\/uploads\/2015\/07\/2005-Dos-constitucionales-y-un-solo-control...-separata.pdf\" target=\"_blank\" rel=\"noopener noreferrer\">Separata<\/a><\/p>\n<p style=\"text-align: justify;\"><span style=\"color: #ff0000;\"><strong>Texos relacionados con el asunto Melloni (remisi\u00f3n)<\/strong><\/span>: Se recogen en el apartado pr\u00e1cticas<\/p>\n<p>&nbsp;<\/p>\n<p style=\"text-align: justify;\"><strong>PR\u00c1CTICAS<br \/>\n<\/strong><\/p>\n<p style=\"text-align: justify;\">COMPARACI\u00d3N DE DOS SENTENCIAS RELACIONADAS CON EL EFECTO DIRECTO DE LAS DIRECTIVAS<\/p>\n<p style=\"text-align: justify;\"><span style=\"color: #ff0000;\"><strong>Sentencia del Tribunal de Justicia Von Colson y Kamann, de 10 de abril de 1984 (asunto 14\/83)<\/strong><\/span>&nbsp;(primera Sentencia de comparaci\u00f3n) &nbsp;&nbsp; <a href=\"https:\/\/albergueweb1.uva.es\/javiermatia\/wp-content\/uploads\/2016\/02\/59-STJCCEE-von-Colson-y-Kamann-1984-comparar-con-la-siguiente.pdf\" target=\"_blank\" rel=\"noopener noreferrer\">Texto<\/a><\/p>\n<p style=\"text-align: justify;\"><span style=\"color: #ff0000;\"><strong>Sentencia del Tribunal de Justicia Harz, de 10 de abril de 1984 (asunto 79\/83)<\/strong><\/span>&nbsp;(segunda Sentencia de comparaci\u00f3n) &nbsp; Texto: <a href=\"https:\/\/albergueweb1.uva.es\/javiermatia\/wp-content\/uploads\/2016\/02\/60-STJCEE-Harz-ingl\u00e9s-1984.pdf\" target=\"_blank\" rel=\"noopener noreferrer\">Ingl\u00e9s<\/a> \/ <a href=\"https:\/\/albergueweb1.uva.es\/javiermatia\/wp-content\/uploads\/2016\/02\/60-STJCEE-Harz-franc\u00e9s-1984.pdf\" target=\"_blank\" rel=\"noopener noreferrer\">Franc\u00e9s<\/a><\/p>\n<p>&nbsp;<\/p>\n<p style=\"text-align: justify;\">RESOLUCIONES SOBRE EL ASUNTO MELLONI<\/p>\n<p style=\"text-align: justify;\"><span style=\"color: #ff0000;\"><strong>Auto del Tribunal Constitucional (Pleno) 86\/2011, de 9 de junio de 2011<\/strong><\/span>. El Tribunal Constitucional plantea una cuesti\u00f3n prejudicial ante el Tribunal de Justicia de la Uni\u00f3n Europea&nbsp;&nbsp;&nbsp; <a href=\"https:\/\/albergueweb1.uva.es\/javiermatia\/wp-content\/uploads\/2016\/02\/Melloni-01-ATC-86-2011-y-VP.pdf\" target=\"_blank\" rel=\"noopener noreferrer\">Texto<\/a><\/p>\n<p style=\"text-align: justify;\"><span style=\"color: #ff0000;\"><strong>Conclusiones del Abogado General, Sr. Yves Bot, en el asunto Melloni, de 2 de octubre de 2012 (asunto C-399\/11)<\/strong><\/span>. En este texto, el Abogado General opina cu\u00e1l debe ser la resoluci\u00f3n que ofrezca el Tribunal de Luxemburgo a la cuesti\u00f3n prejudicial presentada por el Tribunal Constitucional espa\u00f1ol&nbsp;&nbsp;&nbsp; <a href=\"https:\/\/albergueweb1.uva.es\/javiermatia\/wp-content\/uploads\/2016\/02\/Melloni-02-Conclusiones-Abogado-General.pdf\" target=\"_blank\" rel=\"noopener noreferrer\">Texto<\/a><\/p>\n<p style=\"text-align: justify;\"><span style=\"color: #ff0000;\"><strong>Sentencia del Tribunal de Justicia Melloni, de 26 de febrero de 2013 (asunto C-399\/11)<\/strong><\/span>. Sentencia que da respuesta a la cuesti\u00f3n&nbsp; prejudicial presentada por el Tribunal Constitucional espa\u00f1ol&nbsp;&nbsp;&nbsp; <a href=\"https:\/\/albergueweb1.uva.es\/javiermatia\/wp-content\/uploads\/2016\/02\/Melloni-03-STJUE.pdf\" target=\"_blank\" rel=\"noopener noreferrer\">Texto<\/a><\/p>\n<p style=\"text-align: justify;\"><span style=\"color: #ff0000;\"><strong>Sentencia del Tribunal Constitucional (Pleno) 26\/2014, de 13 de febrero<\/strong><\/span>. En esta Sentencia se desestima el amparo solicitado por el Se\u00f1or Melloni. Pero&#8230; \u00bfse asume la primac\u00eda del Derecho de la Uni\u00f3n patrocinada por el Tribunal de Luxemburgo?&nbsp;&nbsp;&nbsp; <a href=\"https:\/\/albergueweb1.uva.es\/javiermatia\/wp-content\/uploads\/2016\/02\/Melloni-04-STC-26-2014-sin-subrayar.pdf\" target=\"_blank\" rel=\"noopener noreferrer\">Texto<\/a><\/p>\n<p>&nbsp;<\/p>\n<p><strong>Lecturas recomendadas<\/strong>: Sobre <a href=\"https:\/\/albergueweb1.uva.es\/javiermatia\/los-ddff-en-la-ue\/\" target=\"_blank\" rel=\"noopener\">los derechos fundamentales de la Uni\u00f3n<\/a>, <a href=\"https:\/\/albergueweb1.uva.es\/javiermatia\/parlamento-nacional-pe-y-ue\/\" target=\"_blank\" rel=\"noopener\">Parlamento nacional, Parlamentos Europeos y UE<\/a>, y <a href=\"https:\/\/albergueweb1.uva.es\/javiermatia\/derecho-de-la-ue-e-impacto-en-los-ordenamientos-estatales\/\" target=\"_blank\" rel=\"noopener\">Derecho de la UE e impacto sobre los ordenamientos nacionales<\/a>.<\/p>\n","protected":false},"excerpt":{"rendered":"<p>DERECHO ORGINARIO DE LA UNI\u00d3N Tratados de la Uni\u00f3n Europea (TUE), de Funcionamiento de la Uni\u00f3n Europea (TFUE), de la Comunidad Europea de la Energ\u00eda At\u00f3mica y Carta de los Derechos Fundamentales de la Uni\u00f3n Europea (CDFUE). Versi\u00f3n consolidada 2016.&nbsp;&nbsp;&nbsp; Texto Principios Generales materiales (derechos fundamentales) y ordinamentales (autonom\u00eda, primac\u00eda y efecto directo). Estos principios&#8230; <span class=\"more\"><a class=\"more-link\" href=\"https:\/\/albergueweb1.uva.es\/javiermatia\/derecho-comunitario-materiales\/\">Continue reading <span class=\"meta-nav\">&#8594;<\/span><\/a><\/span><\/p>\n","protected":false},"author":1,"featured_media":800,"comment_status":"closed","ping_status":"closed","sticky":false,"template":"","format":"standard","meta":{"ngg_post_thumbnail":0,"footnotes":""},"categories":[9],"tags":[],"class_list":["post-708","post","type-post","status-publish","format-standard","has-post-thumbnail","hentry","category-docencia"],"_links":{"self":[{"href":"https:\/\/albergueweb1.uva.es\/javiermatia\/wp-json\/wp\/v2\/posts\/708","targetHints":{"allow":["GET"]}}],"collection":[{"href":"https:\/\/albergueweb1.uva.es\/javiermatia\/wp-json\/wp\/v2\/posts"}],"about":[{"href":"https:\/\/albergueweb1.uva.es\/javiermatia\/wp-json\/wp\/v2\/types\/post"}],"author":[{"embeddable":true,"href":"https:\/\/albergueweb1.uva.es\/javiermatia\/wp-json\/wp\/v2\/users\/1"}],"replies":[{"embeddable":true,"href":"https:\/\/albergueweb1.uva.es\/javiermatia\/wp-json\/wp\/v2\/comments?post=708"}],"version-history":[{"count":17,"href":"https:\/\/albergueweb1.uva.es\/javiermatia\/wp-json\/wp\/v2\/posts\/708\/revisions"}],"predecessor-version":[{"id":1752,"href":"https:\/\/albergueweb1.uva.es\/javiermatia\/wp-json\/wp\/v2\/posts\/708\/revisions\/1752"}],"wp:featuredmedia":[{"embeddable":true,"href":"https:\/\/albergueweb1.uva.es\/javiermatia\/wp-json\/wp\/v2\/media\/800"}],"wp:attachment":[{"href":"https:\/\/albergueweb1.uva.es\/javiermatia\/wp-json\/wp\/v2\/media?parent=708"}],"wp:term":[{"taxonomy":"category","embeddable":true,"href":"https:\/\/albergueweb1.uva.es\/javiermatia\/wp-json\/wp\/v2\/categories?post=708"},{"taxonomy":"post_tag","embeddable":true,"href":"https:\/\/albergueweb1.uva.es\/javiermatia\/wp-json\/wp\/v2\/tags?post=708"}],"curies":[{"name":"wp","href":"https:\/\/api.w.org\/{rel}","templated":true}]}}