{"id":1400,"date":"2020-12-04T15:21:37","date_gmt":"2020-12-04T14:21:37","guid":{"rendered":"https:\/\/albergueweb1.uva.es\/orquesta\/?p=1400"},"modified":"2020-12-04T15:21:39","modified_gmt":"2020-12-04T14:21:39","slug":"concierto-navidad-2020","status":"publish","type":"post","link":"https:\/\/albergueweb1.uva.es\/orquesta\/concierto-navidad-2020\/","title":{"rendered":"Concierto Navidad 2020"},"content":{"rendered":"\n<p>Como en a\u00f1os anteriores, la Universidad de Valladolid organiza su ya tradicional <strong>Concierto de Navidad a favor de Unicef<\/strong> a cargo de la Joven\u00a0Orquesta de la Universidad de Valladolid en los\u00a0Campus de Palencia, Segovia y Valladolid.<\/p>\n<p>\u00a0<\/p>\n<section id=\"001\">\n<p>Los conciertos se celebrar\u00e1n en el Teatro Principal de Palencia (19 de diciembre), en el \u00c1gora del Campus Universitario Mar\u00eda Zambrano en Segovia (20 de diciembre), y en el Auditorio Feria de Valladolid (13 de diciembre). El precio de las entradas es de 10 euros, adem\u00e1s se habilitar\u00e1 una Fila 0 para las personas que quieran contribuir. La recaudaci\u00f3n de los conciertos se destinar\u00e1 \u00edntegramente a Unicef.<\/p>\n<p>\u00a0<\/p>\n<h2>Programa<img loading=\"lazy\" decoding=\"async\" class=\"wp-image-1415 alignright\" src=\"https:\/\/albergueweb1.uva.es\/orquesta\/wp-content\/uploads\/CARTEL-NAVIDAD_UNICEF-154x300.jpg\" alt=\"\" width=\"180\" height=\"351\" srcset=\"https:\/\/albergueweb1.uva.es\/orquesta\/wp-content\/uploads\/CARTEL-NAVIDAD_UNICEF-154x300.jpg 154w, https:\/\/albergueweb1.uva.es\/orquesta\/wp-content\/uploads\/CARTEL-NAVIDAD_UNICEF-527x1024.jpg 527w, https:\/\/albergueweb1.uva.es\/orquesta\/wp-content\/uploads\/CARTEL-NAVIDAD_UNICEF-77x150.jpg 77w, https:\/\/albergueweb1.uva.es\/orquesta\/wp-content\/uploads\/CARTEL-NAVIDAD_UNICEF-768x1492.jpg 768w, https:\/\/albergueweb1.uva.es\/orquesta\/wp-content\/uploads\/CARTEL-NAVIDAD_UNICEF-791x1536.jpg 791w, https:\/\/albergueweb1.uva.es\/orquesta\/wp-content\/uploads\/CARTEL-NAVIDAD_UNICEF-1054x2048.jpg 1054w, https:\/\/albergueweb1.uva.es\/orquesta\/wp-content\/uploads\/CARTEL-NAVIDAD_UNICEF-103x200.jpg 103w, https:\/\/albergueweb1.uva.es\/orquesta\/wp-content\/uploads\/CARTEL-NAVIDAD_UNICEF-scaled.jpg 1318w\" sizes=\"auto, (max-width: 180px) 100vw, 180px\" \/><\/h2>\n<figure id=\"attachment_842\" class=\"wp-caption alignright\" aria-describedby=\"caption-attachment-842\"><br \/>\n<figcaption id=\"caption-attachment-842\" class=\"wp-caption-text\"><\/figcaption>\n<\/figure>\n<div>\n<p style=\"text-align: left;\"><strong>Trio en Do Mayor op. 87\u00a0 \u00a0 \u00a0 \u00a0 \u00a0 \u00a0 \u00a0 \u00a0 \u00a0 \u00a0 \u00a0 \u00a0 \u00a0 \u00a0 L. van Beethoven<\/strong><br \/>Adriana Alonso y Luis Ruiz, oboes. Javier Rodr\u00edguez, corno Ingl\u00e9s<\/p>\n<p style=\"text-align: left;\"><br \/><strong>Divertimento op. 37\u00a0 \u00a0 \u00a0 \u00a0 \u00a0 \u00a0 \u00a0 \u00a0 \u00a0 \u00a0 \u00a0 \u00a0 \u00a0 \u00a0 \u00a0 \u00a0 \u00a0 \u00a0 <\/strong>\u00a0<strong>M. Arnold<\/strong><br \/>Zoe Le\u00f3n, flauta. Luis Ruiz, oboe. Alberto Le\u00f3n, clarinete<\/p>\n<p style=\"text-align: left;\"><br \/><strong>Trio no 3 en Re mayor\u00a0 \u00a0 \u00a0 \u00a0 \u00a0 \u00a0 \u00a0 \u00a0 \u00a0 \u00a0 \u00a0 \u00a0 \u00a0 \u00a0 \u00a0 \u00a0 T. Giordani<\/strong><br \/>Alejandra Silva, flauta. M\u00f3nica Escudero, viola. Sara Postigo, cello<\/p>\n<p style=\"text-align: left;\"><br \/><strong>10 piezas op. 6\u00a0 \u00a0 \u00a0 \u00a0 \u00a0 \u00a0 \u00a0 \u00a0 \u00a0 \u00a0 \u00a0 \u00a0 \u00a0 \u00a0 \u00a0 \u00a0 \u00a0 \u00a0 \u00a0 \u00a0 \u00a0 \u00a0 \u00a0 \u00a0I. B\u00f6ck<\/strong><br \/>Javier Fond\u00f3n y Rub\u00e9n Ar\u00e9valo, trompas. Elisa Pintado, cello<\/p>\n<p style=\"text-align: left;\"><br \/><strong>5 Melod\u00edas populares\u00a0 \u00a0 \u00a0 \u00a0 \u00a0 \u00a0 \u00a0 \u00a0 \u00a0 \u00a0 \u00a0 \u00a0 \u00a0 \u00a0 \u00a0 \u00a0 \u00a0 W. Lutoslawski<\/strong><br \/>Alberto Le\u00f3n, clarinete. Carlos Cano, trompeta. Fernando del Valle, viola. Marta<br \/>Bernardo, cello<\/p>\n<\/div>\n<\/section>\n<p>\u00a0<\/p>\n<p>\u00a0<\/p>\n<h2>Venta de entradas<\/h2>\n<p style=\"text-align: left;\">La venta de entradas estar\u00e1 disponible a partir del viernes 4 de diciembre de forma online.\u00a0<\/p>\n<p style=\"text-align: left;\"><strong>VALLADOLID<\/strong>. 13 de diciembre de 2020. 18:30 h.<\/p>\n<p style=\"text-align: left;\">Auditorio Feria de Valladolid (Avda. Ram\u00f3n Pradera s\/n.)<\/p>\n<p style=\"text-align: left;\">Venta de entradas online:\u00a0<a href=\"https:\/\/uva.us6.list-manage.com\/track\/click?u=556bf34e16&amp;id=376545bb48&amp;e=d150aa04c4\" target=\"_blank\" rel=\"noopener noreferrer\" data-saferedirecturl=\"https:\/\/www.google.com\/url?q=https:\/\/uva.us6.list-manage.com\/track\/click?u%3D556bf34e16%26id%3D376545bb48%26e%3Dd150aa04c4&amp;source=gmail&amp;ust=1607172696664000&amp;usg=AFQjCNHB2UrPXfKoVmM1di8bbfBp-bChzg\">https:\/\/entradas.feriavalladolid.com<\/a>\/<\/p>\n<p style=\"text-align: left;\">\u00a0<\/p>\n<p style=\"text-align: left;\"><strong>PALENCIA<\/strong>. 19 de diciembre de 2020. 18:30 h.<\/p>\n<p style=\"text-align: left;\">Teatro Principal (C\/ Burgos, 3)<\/p>\n<p style=\"text-align: left;\">Venta de entradas online: \u00a0<a href=\"https:\/\/uva.us6.list-manage.com\/track\/click?u=556bf34e16&amp;id=ff4ff2f906&amp;e=d150aa04c4\" target=\"_blank\" rel=\"noopener noreferrer\" data-saferedirecturl=\"https:\/\/www.google.com\/url?q=https:\/\/uva.us6.list-manage.com\/track\/click?u%3D556bf34e16%26id%3Dff4ff2f906%26e%3Dd150aa04c4&amp;source=gmail&amp;ust=1607172696664000&amp;usg=AFQjCNF2aEXTu69QC_BDocyLwvO7O3O-KA\">https:\/\/www.teatroprincipaldepalencia.es\/Tickets<\/a><\/p>\n<p style=\"text-align: left;\">\u00a0<\/p>\n<p style=\"text-align: left;\"><strong>SEGOVIA<\/strong>. 20 de diciembre de 2020. 18:30 h.<\/p>\n<p style=\"text-align: left;\">\u00c1gora del Campus Mar\u00eda Zambrano \u00a0(Plaza de la Universidad, 1)<br \/><br \/>Venta de entradas online:<\/p>\n<p style=\"text-align: left;\"><a href=\"https:\/\/uva.us6.list-manage.com\/track\/click?u=556bf34e16&amp;id=27c74555fc&amp;e=d150aa04c4\" target=\"_blank\" rel=\"noopener noreferrer\" data-saferedirecturl=\"https:\/\/www.google.com\/url?q=https:\/\/uva.us6.list-manage.com\/track\/click?u%3D556bf34e16%26id%3D27c74555fc%26e%3Dd150aa04c4&amp;source=gmail&amp;ust=1607172696664000&amp;usg=AFQjCNHYWY1SrHfVxzfFFd4E9aLfEMs91A\">https:\/\/www.eventbrite.es\/e\/entradas-concierto-de-navidad-a-favor-de-unicef-campus-maria-zambrano-segovia-130237226049?utm_campaign=post_publish&amp;utm_medium=email&amp;utm_source=eventbrite&amp;utm_content=shortLinkNewEmail<\/a><br \/><br \/><strong>Precio de las entradas: 10 euros<\/strong><br \/>\u00a0<br \/>\u00a0<br \/>En el caso de que no pod\u00e1is asistir o quer\u00e1is contribuir igualmente de alguna manera, se ha habilitado la <strong>FILA 0<\/strong>. N\u00famero de cuenta.\u00a0BBVA: ES62 0182 5579 81 0201503308<br \/>CONCEPTO: CONCIERTOS NAVIDAD UVA. UNICEF<\/p>\n<h2>\u00a0<\/h2>\n<h2>Destino de los fondos<\/h2>\n<div>\n<p>La Joven Orquesta de la Universidad de Valladolid celebra su tradicional concierto de\u00a0navidad a favor de UNICEF. Este a\u00f1o, los recursos que se movilicen, se destinar\u00e1n de\u00a0manera \u00edntegra al trabajo de UNICEF en sus programas de supervivencia, salud o para\u00a0reducir la mortalidad infantil.<\/p>\n<p>Esta iniciativa surgi\u00f3 en 2002, cuando la entidad financiera y la Universidad de\u00a0Valladolid, a trav\u00e9s de su Joven Orquesta, decidieron poner en marcha un concierto\u00a0solidario que se destinara a proyectos humanitarios. UNICEF agradece a todas las\u00a0entidades organizadoras y colaboradoras su compromiso con el cumplimiento de los\u00a0derechos de la infancia y la adolescencia.<\/p>\n<p>Por tanto, los fondos que se movilicen a trav\u00e9s de esta iniciativa se destinar\u00e1n reducir\u00a0la mortalidad infantil y mejorar la salud de ni\u00f1os y ni\u00f1as.<\/p>\n<p>Cada d\u00eda mueren 15.000 ni\u00f1os menores de 5 a\u00f1os por casusas que pueden evitarse;\u00a07.000 de ellos son reci\u00e9n nacidos.<\/p>\n<p>Por ejemplo, en Somalia, el pa\u00eds con la peor tasa de mortalidad infantil del mundo. De\u00a0cada 1.000 ni\u00f1os que nacen aqu\u00ed, 133 mueren antes de haber cumplido los 5 a\u00f1os.<\/p>\n<p>Una cifra escalofriante si la comparamos con la tasa de mortalidad infantil en Espa\u00f1a,\u00a0donde 3 de cada 1.000 ni\u00f1os no llegan a cumplir esa edad.<\/p>\n<p>Las principales causas de mortalidad infantil en 2016 fueron: complicaciones del\u00a0parto prematuro (18%), neumon\u00eda (16%), complicaciones relacionadas con el parto\u00a0(12%), diarrea (8%), sepsis neonatal (7%) y malaria (5%).<\/p>\n<p>Existen soluciones muy sencillas para acabar con la mortalidad infantil. En UNICEF\u00a0llevamos 70 a\u00f1os comprob\u00e1ndolo. Sabemos que una bomba de agua, un centro de\u00a0salud, una vacuna o un tratamiento contra la desnutrici\u00f3n pueden cambiarlo todo en\u00a0una comunidad. Por eso, estamos empe\u00f1ados en extender estas soluciones por todo\u00a0el mundo.<\/p>\n<p>As\u00ed por ejemplo, solo el a\u00f1o pasado proporcionamos agua potable a 39,4 millones de\u00a0ni\u00f1os y sus familias, vacunamos al 45% de los ni\u00f1os del mundo y tratamos a 3,4\u00a0millones de ni\u00f1os menores de 5 a\u00f1os contra la desnutrici\u00f3n aguda grave.<\/p>\n<h2><strong>Acerca de UNICEF<\/strong><\/h2>\n<p>UNICEF promueve los derechos y el bienestar de todos los ni\u00f1os y ni\u00f1as en todo lo que\u00a0hacemos. Junto a nuestros aliados, trabajamos en 190 pa\u00edses y territorios para transformar\u00a0este compromiso en acciones pr\u00e1cticas, centrando especialmente nuestros esfuerzos en\u00a0llegar a los ni\u00f1os m\u00e1s vulnerables y excluidos para el beneficio de todos los ni\u00f1os, en todas\u00a0partes.<\/p>\n<\/div>\n<section id=\"001\">\n<p>.<\/p>\n<\/section>\n","protected":false},"excerpt":{"rendered":"<p>Como en a\u00f1os anteriores, la Universidad de Valladolid organiza su ya tradicional Concierto de Navidad a favor de Unicef a cargo de la Joven\u00a0Orquesta de la Universidad de Valladolid en los\u00a0Campus de Palencia, Segovia y Valladolid. \u00a0 Los conciertos se celebrar\u00e1n en el Teatro Principal de Palencia (19 de diciembre), &hellip;<\/p>\n","protected":false},"author":2,"featured_media":0,"comment_status":"closed","ping_status":"closed","sticky":false,"template":"","format":"standard","meta":{"footnotes":""},"categories":[9],"tags":[],"class_list":["post-1400","post","type-post","status-publish","format-standard","hentry","category-conciertos"],"_links":{"self":[{"href":"https:\/\/albergueweb1.uva.es\/orquesta\/wp-json\/wp\/v2\/posts\/1400","targetHints":{"allow":["GET"]}}],"collection":[{"href":"https:\/\/albergueweb1.uva.es\/orquesta\/wp-json\/wp\/v2\/posts"}],"about":[{"href":"https:\/\/albergueweb1.uva.es\/orquesta\/wp-json\/wp\/v2\/types\/post"}],"author":[{"embeddable":true,"href":"https:\/\/albergueweb1.uva.es\/orquesta\/wp-json\/wp\/v2\/users\/2"}],"replies":[{"embeddable":true,"href":"https:\/\/albergueweb1.uva.es\/orquesta\/wp-json\/wp\/v2\/comments?post=1400"}],"version-history":[{"count":9,"href":"https:\/\/albergueweb1.uva.es\/orquesta\/wp-json\/wp\/v2\/posts\/1400\/revisions"}],"predecessor-version":[{"id":1416,"href":"https:\/\/albergueweb1.uva.es\/orquesta\/wp-json\/wp\/v2\/posts\/1400\/revisions\/1416"}],"wp:attachment":[{"href":"https:\/\/albergueweb1.uva.es\/orquesta\/wp-json\/wp\/v2\/media?parent=1400"}],"wp:term":[{"taxonomy":"category","embeddable":true,"href":"https:\/\/albergueweb1.uva.es\/orquesta\/wp-json\/wp\/v2\/categories?post=1400"},{"taxonomy":"post_tag","embeddable":true,"href":"https:\/\/albergueweb1.uva.es\/orquesta\/wp-json\/wp\/v2\/tags?post=1400"}],"curies":[{"name":"wp","href":"https:\/\/api.w.org\/{rel}","templated":true}]}}